{"id":1243,"date":"2009-06-01T23:40:21","date_gmt":"2009-06-01T22:40:21","guid":{"rendered":"http:\/\/www.eimoe.com\/?p=1243"},"modified":"2009-06-01T23:40:21","modified_gmt":"2009-06-01T22:40:21","slug":"taliban","status":"publish","type":"post","link":"https:\/\/eigil.me\/blog\/personlig\/taliban","title":{"rendered":"Min n\u00e6rmeste tilknytning til Taliban"},"content":{"rendered":"<h2>Han hadde alltid masse cash, var en r\u00f8ver til \u00e5 spille foosball-spill og minnet litt om oljesjeiken Ben Redic Fy Fazan fra Fl\u00e5klypa. Han var den tidligere helseministeren i Afghanistan<\/h2>\n<p>I 2001 til 2002 jobbet jeg p\u00e5 Victoria Kulturhus i Drammen. Dette var et ungdomshus med titalls aktiviteter for ungdom og jeg jobbet der i forbindelse med min siviltjeneste. I f\u00f8rste etasje hadde vi internett kaf\u00e9 pluss et par andre ting, deriblant et <a title=\"Foosball\" rel=\"external\" href=\"https:\/\/en.wikipedia.org\/wiki\/Foosball\">foosball-bord<\/a>.<\/p>\n<h3>Lakengubbe<\/h3>\n<p>Plutselig i l\u00f8pet av sommeren 2002 begynte det daglig \u00e5 komme innom en mann med skjegg, liten hvit hatt og alltid kledd i hvitt laken. Slik du gjerne ser folkene g\u00e5r kledd p\u00e5 tv fra Afghanistan. Dette var midt under den tiden hvor etterforskningene av bakmennene og involverte til 9-11 p\u00e5gikk som verst. S\u00e5 selvf\u00f8lgelig fyrte vi av en og annen sp\u00f8k oss internt rundt hans kobling til dette. N\u00e5r han hadde sittet timesvis foran pcen og surfet, betalte han for seg. Han dro opp en diger bunke med fem hundre og tusenlapper. Han minnet liksom mer om oljesjeiken Ben Redic Fy Fazan fra Fl\u00e5klypa, enn en flyktning.<\/p>\n<p>Etter dette, skulle han utfordre en av oss i foosball. Han ble etterhvert rimelig god og ble en hard motstander. Han fortalte om ting og skr\u00f8net masse. Han framsto absolutt som en hyggelig fyr.<\/p>\n<h4>Helseminister<\/h4>\n<p>Etterhvert som jeg ble bedre kjent med fyren, fortalte han at han var den tidligere helseministeren i Afghanistan under Taliban regimet. Han hadde emigrert til Norge hvor han \u00f8nsket \u00e5 ta det helt &laquo;piano&raquo;. Tonen ble litt annerledes fremover n\u00e5 etter dette. Fyren var, som sagt, absolutt en hyggelig kar og han lo h\u00f8yt n\u00e5r jeg spurte han om hvordan han syntes det var \u00e5 henge med Bin Laden og gutta. Han presiserte ofte at han ikke st\u00f8ttet hva de folka drev med og derfor var i Norge.<\/p>\n<p>Jeg vet ikke hvor lenge han var i Drammen, etter at jeg sluttet \u00e5 jobbe der, men jeg m\u00f8tte han noen ganger p\u00e5 gaten senere. S\u00e5 da slo vi av en prat.<\/p>\n<h5>Imam, terror og UDI<\/h5>\n<p>N\u00e5 har jeg ikke sett mannen p\u00e5 mange \u00e5r. Helt til i det siste, hvor han har f\u00e5tt endel spalteplass i landets aviser. N\u00e5 viser det seg, at han har jobbet som Imam og har mulige tilknytninger til terror. UDI har utvist mannen p\u00e5 grunnlag av en rettskraftig dom i en voldssak mot sin 14 \u00e5r gamle datter. Hun hadde visst mottatt en epost fra en pakistansk gutt.<\/p>\n<p>Les mer om helseministeren: <a title=\"NRK\" rel=\"external\" href=\"https:\/\/www.nrk.no\/nyheter\/1.6325819\">NRK<\/a>, <a title=\"Dagbladet\" rel=\"external\" href=\"https:\/\/www.dagbladet.no\/2009\/05\/16\/nyheter\/innenriks\/pst\/taliban\/6248990\/\">Dagbladet 1<\/a>, <a title=\"Dagbladet\" rel=\"external\" href=\"https:\/\/www.dagbladet.no\/2009\/05\/29\/nyheter\/utenriks\/taliban\/afghanistan\/terror\/6472094\/\">Dagbladet 2<\/a>, <a title=\"DT\" rel=\"external\" href=\"https:\/\/dt.no\/article\/20090518\/NYHET\/9574401\">DT 1<\/a>, <a title=\"DT\" rel=\"external\" href=\"https:\/\/dt.no\/article\/20090529\/NYHET\/818757619\/1063\/NYHET\">DT 2<\/a>, <a title=\"DT\" rel=\"external\" href=\"https:\/\/dt.no\/article\/20090530\/NYHET\/809730015\/1063\/NYHET\">DT 3<\/a>, <a title=\"VG\" rel=\"external\" href=\"https:\/\/www.vg.no\/nyheter\/utenriks\/krigen-mot-terror\/artikkel.php?artid=553378\">VG 1<\/a>, <a href=\"https:\/\/www.vg.no\/nyheter\/utenriks\/krigen-mot-terror\/artikkel.php?artid=543247\">VG 2<\/a>, <a title=\"Nettavisen\" rel=\"external\" href=\"https:\/\/tinyurl.com\/ny7qwr\">Nettavisen<\/a>, <a title=\"Hegnar\" rel=\"external\" href=\"https:\/\/tinyurl.com\/l2agzh\">Hegnar<\/a>, <a title=\"BA\" rel=\"external\" href=\"https:\/\/tinyurl.com\/nzmkr6\">BA<\/a>.<\/p>\n","protected":false},"excerpt":{"rendered":"<p>Han hadde alltid masse cash, var en r\u00f8ver til \u00e5 spille foosball-spill og minnet litt om oljesjeiken Ben Redic Fy Fazan fra Fl\u00e5klypa. Han var den tidligere helseministeren i Afghanistan I 2001 til 2002 jobbet jeg p\u00e5 Victoria Kulturhus i Drammen. Dette var et ungdomshus med titalls aktiviteter for ungdom og jeg jobbet der i forbindelse med min siviltjeneste. I f\u00f8rste etasje hadde vi internett kaf\u00e9 pluss et par andre ting, deriblant et foosball-bord. Lakengubbe Plutselig i l\u00f8pet av sommeren 2002 begynte det daglig \u00e5 komme innom en mann med skjegg, liten hvit hatt og alltid kledd i hvitt laken. Slik du gjerne ser folkene g\u00e5r kledd p\u00e5 tv fra Afghanistan. Dette var midt under den tiden hvor etterforskningene av bakmennene og involverte til 9-11 p\u00e5gikk som verst. S\u00e5 selvf\u00f8lgelig fyrte vi av en og annen sp\u00f8k oss internt rundt hans kobling til dette. N\u00e5r han hadde sittet timesvis foran&hellip;<\/p>\n","protected":false},"author":1,"featured_media":0,"comment_status":"open","ping_status":"open","sticky":false,"template":"","format":"standard","meta":{"footnotes":""},"categories":[9],"tags":[137],"class_list":["post-1243","post","type-post","status-publish","format-standard","hentry","category-personlig","tag-taliban"],"aioseo_notices":[],"_links":{"self":[{"href":"https:\/\/eigil.me\/blog\/wp-json\/wp\/v2\/posts\/1243","targetHints":{"allow":["GET"]}}],"collection":[{"href":"https:\/\/eigil.me\/blog\/wp-json\/wp\/v2\/posts"}],"about":[{"href":"https:\/\/eigil.me\/blog\/wp-json\/wp\/v2\/types\/post"}],"author":[{"embeddable":true,"href":"https:\/\/eigil.me\/blog\/wp-json\/wp\/v2\/users\/1"}],"replies":[{"embeddable":true,"href":"https:\/\/eigil.me\/blog\/wp-json\/wp\/v2\/comments?post=1243"}],"version-history":[{"count":0,"href":"https:\/\/eigil.me\/blog\/wp-json\/wp\/v2\/posts\/1243\/revisions"}],"wp:attachment":[{"href":"https:\/\/eigil.me\/blog\/wp-json\/wp\/v2\/media?parent=1243"}],"wp:term":[{"taxonomy":"category","embeddable":true,"href":"https:\/\/eigil.me\/blog\/wp-json\/wp\/v2\/categories?post=1243"},{"taxonomy":"post_tag","embeddable":true,"href":"https:\/\/eigil.me\/blog\/wp-json\/wp\/v2\/tags?post=1243"}],"curies":[{"name":"wp","href":"https:\/\/api.w.org\/{rel}","templated":true}]}}