{"id":1462,"date":"2009-08-24T12:05:10","date_gmt":"2009-08-24T10:05:10","guid":{"rendered":"http:\/\/www.eimoe.com\/?p=1462"},"modified":"2009-08-24T12:05:10","modified_gmt":"2009-08-24T10:05:10","slug":"drammen-elvefestival","status":"publish","type":"post","link":"https:\/\/eigil.me\/blog\/musikk\/drammen-elvefestival","title":{"rendered":"Drammen elvefestival"},"content":{"rendered":"<h2>\u00c5rets st\u00f8rste begivenhet p\u00e5 h\u00f8sten, er over for Drammenserne.<\/h2>\n<p>Ikke at jeg generelt liker alt som spilte p\u00e5 \u00e5rets <a title=\"Drammen Elvefestival\" rel=\"external\" href=\"https:\/\/drammen-elvefestival.no\/\">Drammen Elvefestival<\/a>, men i \u00e5r var det et mer dristigere og mer spennende program enn noensinne (ihvertfall p\u00e5 l\u00f8rdag). Det var bra med folk, selvom arrang\u00f8rene Kai og Anders hadde h\u00e5pet p\u00e5 et enda <a title=\"Bes\u00f8ksrekord p\u00e5 elvefesten i Drammen - DT.no\" rel=\"external\" href=\"https:\/\/tinyurl.com\/mktdwv\">st\u00f8rre oppm\u00f8te<\/a>.<\/p>\n<h3>Fredag<\/h3>\n<p>For min del var fredag en litt sm\u00e5kjedelig dag. Da jeg ankom, var Jonas Fjeld &amp; Chatham County Line allerede p\u00e5 scenen. Min f\u00f8rste tanke, var den at dette var ikke helt &laquo;settingen&raquo; som passet. Jeg ser for meg at dette er litt kulere p\u00e5 en litt mer intim scene, enn p\u00e5 en stor festivalscene. Det var for\u00f8vrig flott \u00e5 se at det allerede hadde dukket opp endel mer folk, enn jeg hadde regnet med s\u00e5 tidlig.<\/p>\n<h4>Det kjedsommelige.<\/h4>\n<p>De to bandene, la oss kalle de (aka, alias osv.): Intetsigende og Kjedelig var n\u00e5 klare! Vamps Vidar Johnsen med Peter Nordberg og Bo Kaspers Orkester var to kjedelige aff\u00e6rer. Eneste l\u00f8sningen var \u00e5 drikke masse \u00f8l. Etter \u00e5 ha helt innp\u00e5, kom jeg p\u00e5. Jo, var ikke Vidar Johansen denne herremannen som jeg leste om i <a title=\"Popstjerne onani-tatt\" rel=\"external\" href=\"https:\/\/www.vg.no\/nyheter\/innenriks\/artikkel.php?artid=513551\">denne artikkelen i VG<\/a> i vinter? Han er jo faktisk en skikkelig punker!<\/p>\n<p>S\u00e5 var det klart for Chris Thompson &amp; Katrina Leskanich. Katrina fra Katrina and the Waves sang jo drit bra! Ikke noe tull her. Chris Thompson fra Manfred Mann gjorde virkelig jobben sin og toppet det hele med Queen &#8211; The show must go on. Flott dette her.<\/p>\n<h5>Hallelujah-gutta<\/h5>\n<p>Det var faktisk tredje gangen jeg, helt tilfeldig (ufrivillig), st\u00e5r og ser Kurt Nilsen, Espen Lind, Alejandro Fuentes og Askil Holm. Dette har jo blitt husbandet til denne festivalen. Konseptet er genialt! Folk liker det og jeg tror gutta ler seg ihjel hele veien til banken. Unntagen Fuentes, som virker som \u00e5 ta dette ganske s\u00e5 seri\u00f8st.<\/p>\n<h6>L\u00f8rdag<\/h6>\n<p>Endelig den spennende dagen. Jeg gledet meg til The Hives og de leverte. Jeg har faktisk ikke sett de, siden de varmet opp for The Hellacopters p\u00e5 John Dee i Oslo, en gang p\u00e5 slutten av 90-tallet. The Hives er drevne, erfarne og vet \u00e5 f\u00e5 i gang publikum. Spiller &laquo;tight&raquo; og fint.<\/p>\n<h6>Bedre live, enn p\u00e5 skive<\/h6>\n<p>En ting som overrasket meg, var bandet Travis. Disse var jo ganske pop noen \u00e5r tilbake og var mye bedre live enn p\u00e5 skive. Jeg hadde absolutt ikke trodd at de skulle v\u00e6re s\u00e5 bra live! Timbuktu er en morsom fyr og er den eneste &laquo;hip-hop&raquo; artisten jeg vet om, som vet hva det vil si \u00e5 spille live. Han gjemmer seg ikke bak sampling og platespillere, men har med seg en gjeng bl\u00e5sere og flinke musikere. Det blir topp stemning av slikt.<\/p>\n<h6>Alt i alt en flott festival<\/h6>\n<p>Jeg h\u00e5per de fortsetter denne profilen ogs\u00e5 til neste \u00e5r. Et band jeg hadde gledet meg til, var The Waterboys. Tiden fl\u00f8y dessverre og jeg irreterer meg at jeg ikke fikk med meg dette p\u00e5 l\u00f8rdagsmorgenen (kl. 18:30).<\/p>\n","protected":false},"excerpt":{"rendered":"<p>\u00c5rets st\u00f8rste begivenhet p\u00e5 h\u00f8sten, er over for Drammenserne. Ikke at jeg generelt liker alt som spilte p\u00e5 \u00e5rets Drammen Elvefestival, men i \u00e5r var det et mer dristigere og mer spennende program enn noensinne (ihvertfall p\u00e5 l\u00f8rdag). Det var bra med folk, selvom arrang\u00f8rene Kai og Anders hadde h\u00e5pet p\u00e5 et enda st\u00f8rre oppm\u00f8te. Fredag For min del var fredag en litt sm\u00e5kjedelig dag. Da jeg ankom, var Jonas Fjeld &amp; Chatham County Line allerede p\u00e5 scenen. Min f\u00f8rste tanke, var den at dette var ikke helt &laquo;settingen&raquo; som passet. Jeg ser for meg at dette er litt kulere p\u00e5 en litt mer intim scene, enn p\u00e5 en stor festivalscene. Det var for\u00f8vrig flott \u00e5 se at det allerede hadde dukket opp endel mer folk, enn jeg hadde regnet med s\u00e5 tidlig. Det kjedsommelige. De to bandene, la oss kalle de (aka, alias osv.): Intetsigende og Kjedelig var n\u00e5&hellip;<\/p>\n","protected":false},"author":1,"featured_media":0,"comment_status":"open","ping_status":"open","sticky":false,"template":"","format":"standard","meta":{"footnotes":""},"categories":[8],"tags":[38,52,175],"class_list":["post-1462","post","type-post","status-publish","format-standard","hentry","category-musikk","tag-drammen","tag-festival","tag-musikk"],"aioseo_notices":[],"_links":{"self":[{"href":"https:\/\/eigil.me\/blog\/wp-json\/wp\/v2\/posts\/1462","targetHints":{"allow":["GET"]}}],"collection":[{"href":"https:\/\/eigil.me\/blog\/wp-json\/wp\/v2\/posts"}],"about":[{"href":"https:\/\/eigil.me\/blog\/wp-json\/wp\/v2\/types\/post"}],"author":[{"embeddable":true,"href":"https:\/\/eigil.me\/blog\/wp-json\/wp\/v2\/users\/1"}],"replies":[{"embeddable":true,"href":"https:\/\/eigil.me\/blog\/wp-json\/wp\/v2\/comments?post=1462"}],"version-history":[{"count":0,"href":"https:\/\/eigil.me\/blog\/wp-json\/wp\/v2\/posts\/1462\/revisions"}],"wp:attachment":[{"href":"https:\/\/eigil.me\/blog\/wp-json\/wp\/v2\/media?parent=1462"}],"wp:term":[{"taxonomy":"category","embeddable":true,"href":"https:\/\/eigil.me\/blog\/wp-json\/wp\/v2\/categories?post=1462"},{"taxonomy":"post_tag","embeddable":true,"href":"https:\/\/eigil.me\/blog\/wp-json\/wp\/v2\/tags?post=1462"}],"curies":[{"name":"wp","href":"https:\/\/api.w.org\/{rel}","templated":true}]}}