{"id":1494,"date":"2009-09-20T22:15:51","date_gmt":"2009-09-20T20:15:51","guid":{"rendered":"http:\/\/www.eimoe.com\/?p=1494"},"modified":"2009-09-20T22:15:51","modified_gmt":"2009-09-20T20:15:51","slug":"hoestferie","status":"publish","type":"post","link":"https:\/\/eigil.me\/blog\/personlig\/hoestferie","title":{"rendered":"H\u00f8stferie"},"content":{"rendered":"<h2>V\u00e6rt litt stille her i det siste og jeg kan unnskylde med at bloggen har hatt en \u00f8rliten h\u00f8stferie, bare.<\/h2>\n<p>Snart kommer jeg tilbake med jevnlige oppdateringer. Jeg har ogs\u00e5 f\u00e5tt sp\u00f8rsm\u00e5l fra en god venn om mulighetene for \u00e5 gjesteblogge her, noe jeg synes er ekstremt hyggelig. I tillegg har jeg ogs\u00e5 spurt en meget dyktig skribent om det samme. S\u00e5 da ser det ut til at det vil bli mye mer action her fremover.<\/p>\n","protected":false},"excerpt":{"rendered":"<p>V\u00e6rt litt stille her i det siste og jeg kan unnskylde med at bloggen har hatt en \u00f8rliten h\u00f8stferie, bare. Snart kommer jeg tilbake med jevnlige oppdateringer. Jeg har ogs\u00e5 f\u00e5tt sp\u00f8rsm\u00e5l fra en god venn om mulighetene for \u00e5 gjesteblogge her, noe jeg synes er ekstremt hyggelig. I tillegg har jeg ogs\u00e5 spurt en meget dyktig skribent om det samme. S\u00e5 da ser det ut til at det vil bli mye mer action her fremover.<\/p>\n","protected":false},"author":1,"featured_media":0,"comment_status":"open","ping_status":"open","sticky":false,"template":"","format":"standard","meta":{"footnotes":""},"categories":[9],"tags":[30,51],"class_list":["post-1494","post","type-post","status-publish","format-standard","hentry","category-personlig","tag-blogging","tag-ferie"],"aioseo_notices":[],"_links":{"self":[{"href":"https:\/\/eigil.me\/blog\/wp-json\/wp\/v2\/posts\/1494","targetHints":{"allow":["GET"]}}],"collection":[{"href":"https:\/\/eigil.me\/blog\/wp-json\/wp\/v2\/posts"}],"about":[{"href":"https:\/\/eigil.me\/blog\/wp-json\/wp\/v2\/types\/post"}],"author":[{"embeddable":true,"href":"https:\/\/eigil.me\/blog\/wp-json\/wp\/v2\/users\/1"}],"replies":[{"embeddable":true,"href":"https:\/\/eigil.me\/blog\/wp-json\/wp\/v2\/comments?post=1494"}],"version-history":[{"count":0,"href":"https:\/\/eigil.me\/blog\/wp-json\/wp\/v2\/posts\/1494\/revisions"}],"wp:attachment":[{"href":"https:\/\/eigil.me\/blog\/wp-json\/wp\/v2\/media?parent=1494"}],"wp:term":[{"taxonomy":"category","embeddable":true,"href":"https:\/\/eigil.me\/blog\/wp-json\/wp\/v2\/categories?post=1494"},{"taxonomy":"post_tag","embeddable":true,"href":"https:\/\/eigil.me\/blog\/wp-json\/wp\/v2\/tags?post=1494"}],"curies":[{"name":"wp","href":"https:\/\/api.w.org\/{rel}","templated":true}]}}