{"id":1536,"date":"2009-09-28T12:36:22","date_gmt":"2009-09-28T10:36:22","guid":{"rendered":"http:\/\/www.eimoe.com\/?p=1536"},"modified":"2009-09-28T12:36:22","modified_gmt":"2009-09-28T10:36:22","slug":"besseggen","status":"publish","type":"post","link":"https:\/\/eigil.me\/blog\/personlig\/besseggen","title":{"rendered":"Fra Puben til Besseggen"},"content":{"rendered":"<h2>Foreningen for de utrimmede \u2013 FFU (les: undertegnede), har i helgen tatt turen over selveste Besseggen. Jeg er meget stolt over innsatsen og viljestyrken.<\/h2>\n<p>\u00d8st for Jotunheimen ligger <a title=\"Besseggen\" rel=\"external\" href=\"https:\/\/www.besseggen.com\/\">Besseggen<\/a>. En <em>forholdvis<\/em> popul\u00e6r fjelltur her i Norge som rager 1743 moh. Rekordtida p\u00e5 1.16.48 ble satt 1963 og undertegnede og hans f\u00f8lge p\u00e5 6, gjorde turen p\u00e5 7.00.13. Man sier vanligvis at turen tar rundt seks til \u00e5tte timer. I v\u00e5res, sa jeg ja til \u00e5 bli med p\u00e5 dette her. Jeg hadde da en h\u00f8y promille, men holder det jeg lover, selv om jeg ikke var <em>tilregnelig i gjernings\u00f8yeblikket<\/em>. Siden s\u00e5 jeg p\u00e5 dette som en dag som l\u00e5 altfor langt fram i tid og sannsynligvis aldri ville komme. Plutselig var vi i slutten av september, gitt.<\/p>\n<h3>Slik er det \u00e5 g\u00e5 i fjellet i Norge<\/h3>\n<p>Kvelden f\u00f8r, tok vi det s\u00e5nn passe med ro. En lang natt s\u00f8vn og tidlig opp, for \u00e5 rekke b\u00e5ten som skulle ta oss fra Gjendesheim til Memurubu. F\u00f8rste delen her er lang og stort sett rett opp. Etter dette flater det seg litt ut, men hele tiden en liten stigning. S\u00e5 blir det bratt igjen. Jeg kjenner at kondisjonen aldri helt <em>strekker til<\/em>, ei heller visse muskelgrupper i bena som aldri er blitt brukt p\u00e5 <em>en slik m\u00e5te<\/em> f\u00f8r. Man g\u00e5r og g\u00e5r. Opp, opp og opp. Til tider f\u00f8les alt bare helt forferdelig. Men hva skjer? Plutselig m\u00e5 vi g\u00e5 langt ned. Nesten like langt ned som vi har g\u00e5tt opp. Jeg syntes jo at dette m\u00e5tte jo v\u00e6re totalt un\u00f8dvendig. <a title=\"Torgeir Micaelsen\" rel=\"external\" href=\"https:\/\/www.torgeirmicaelsen.no\/\">Torgeir<\/a> som var i reisef\u00f8lge, kunne sl\u00e5 fast ved at slik var det \u00e5 g\u00e5 i fjellet i Norge.<\/p>\n<p>N\u00e5 skulle vi alts\u00e5 starte \u00e5 bestige selveste Besseggen. V\u00e6ret var ganske forferdelig med masse vind. Opp her, kan betegnes som fjellklatring, dog uten sikring. Visse steder her, f\u00f8les helt absurd. Sklir man p\u00e5 en stein, faller man 700 meter rett ned. V\u00e5rt Britiske innslag i troppen, William, lider av ekstrem h\u00f8ydeskrekk. Han er skr\u00e5sikker p\u00e5 at hans siste time har kommet. Kritthvit i ansiktet, forst\u00e5r han, at man ikke kan snu her. Og med museskritt beveger han seg oppover fjellet. Selv brukte jeg god tid i dette bratte henget. Var ekstremt effektiv noen f\u00e5 meter, for s\u00e5 \u00e5 ta en pause. Utsikten her er fantastisk. Du ser det gr\u00f8nne Gjendevannet og det dypbl\u00e5 Bessvatnet. Dette har jeg sett bilder fra mange ganger f\u00f8r.<\/p>\n<h4>Den store skuffelsen og nedstigningen<\/h4>\n<p>Helt oppriktig, trodde jeg at n\u00e5r vi var ferdig med denne delen, var vi p\u00e5 toppen. Men neida. Fortsatt er det tre, fire topper til. Man blir like skuffet, hver gang man kommer til toppen, for s\u00e5 se en ny en. Endelig er man der og kan legge en stein i haugen sammen med tusenvis av andre fjellfolk som har tatt turen opp hit tidligere. Mens vi sitter her og spiser lunch, f\u00e5r vi h\u00f8re at det har skjedd en ulykke et stykke bak oss. <a title=\"Kvinne m\u00e5 b\u00e6res ned fra Besseggen i sterk vind\" rel=\"external\" href=\"https:\/\/www.dagbladet.no\/2009\/09\/26\/nyheter\/innenriks\/redningsaksjon\/8306811\/\">En kvinne har falt og brukket beinet<\/a>. Vi s\u00e5 luftambulansens helikopter komme inn, men p\u00e5 grunn av den sterke vinden, m\u00e5 hjelpemannskap fra R\u00f8de Kors komme til unnsetting.<\/p>\n<p>Man skulle gjerne tro at nedstigningen var en enkel sak. Men nedoverturen er lang og man er allerede ekstremt sliten i beina. N\u00e5r man endelig var nede, etter syv timer med selvpining f\u00f8les alt bare s\u00e5 helt fantastisk! Jeg angret mange ganger i l\u00f8pet av turen p\u00e5 at jeg i det hele tatt gj\u00f8r <em>slike ting<\/em> som dette, men n\u00e5r man er kommet ned, f\u00f8les det bare bra. Jeg anbefaler alle som er i form til dette, \u00e5 ta turen.<\/p>\n<h5>P\u00e5 fylla i Arne Brimi Land<\/h5>\n<p>Senere p\u00e5 kvelden, var vi i Lom, i Arne Brimi Land. Her fikk vi ekstremt gode retter med vinpakke servert. Ingenting er mer fortjent, etter en slik tur! Vi f\u00e5r se, om vi ikke kommer til \u00e5 bestige Galdh\u00f8piggen neste sommer.<\/p>\n<p><a class=\"thickbox\" title=\"Besseggen\" href=\"https:\/\/eigil.me\/blog\/arkiv\/2009\/09\/besseggen01.jpg\"><img loading=\"lazy\" decoding=\"async\" class=\"alignnone\" title=\"Besseggen\" src=\"https:\/\/eigil.me\/blog\/arkiv\/2009\/09\/besseggen01-650x433.jpg\" alt=\"Besseggen\" width=\"650\" height=\"433\" \/><\/a><\/p>\n<p><a class=\"thickbox\" title=\"Besseggen\" href=\"https:\/\/eigil.me\/blog\/arkiv\/2009\/09\/besseggen02.jpg\"><img loading=\"lazy\" decoding=\"async\" class=\"alignnone\" title=\"Besseggen\" src=\"https:\/\/eigil.me\/blog\/arkiv\/2009\/09\/besseggen02-650x433.jpg\" alt=\"Besseggen\" width=\"650\" height=\"433\" \/><\/a><\/p>\n<p>Det vil snart komme mange flere bilder her fra denne turen.<\/p>\n<p><small>Reisef\u00f8lge: Torgeir, Line, Anne Cathrine, William og Linn-Kristin.<\/small><\/p>\n","protected":false},"excerpt":{"rendered":"<p>Foreningen for de utrimmede \u2013 FFU (les: undertegnede), har i helgen tatt turen over selveste Besseggen. Jeg er meget stolt over innsatsen og viljestyrken. \u00d8st for Jotunheimen ligger Besseggen. En forholdvis popul\u00e6r fjelltur her i Norge som rager 1743 moh. Rekordtida p\u00e5 1.16.48 ble satt 1963 og undertegnede og hans f\u00f8lge p\u00e5 6, gjorde turen p\u00e5 7.00.13. Man sier vanligvis at turen tar rundt seks til \u00e5tte timer. I v\u00e5res, sa jeg ja til \u00e5 bli med p\u00e5 dette her. Jeg hadde da en h\u00f8y promille, men holder det jeg lover, selv om jeg ikke var tilregnelig i gjernings\u00f8yeblikket. Siden s\u00e5 jeg p\u00e5 dette som en dag som l\u00e5 altfor langt fram i tid og sannsynligvis aldri ville komme. Plutselig var vi i slutten av september, gitt. Slik er det \u00e5 g\u00e5 i fjellet i Norge Kvelden f\u00f8r, tok vi det s\u00e5nn passe med ro. En lang natt s\u00f8vn og&hellip;<\/p>\n","protected":false},"author":1,"featured_media":0,"comment_status":"open","ping_status":"open","sticky":false,"template":"","format":"standard","meta":{"footnotes":""},"categories":[9],"tags":[28],"class_list":["post-1536","post","type-post","status-publish","format-standard","hentry","category-personlig","tag-besseggen"],"aioseo_notices":[],"_links":{"self":[{"href":"https:\/\/eigil.me\/blog\/wp-json\/wp\/v2\/posts\/1536","targetHints":{"allow":["GET"]}}],"collection":[{"href":"https:\/\/eigil.me\/blog\/wp-json\/wp\/v2\/posts"}],"about":[{"href":"https:\/\/eigil.me\/blog\/wp-json\/wp\/v2\/types\/post"}],"author":[{"embeddable":true,"href":"https:\/\/eigil.me\/blog\/wp-json\/wp\/v2\/users\/1"}],"replies":[{"embeddable":true,"href":"https:\/\/eigil.me\/blog\/wp-json\/wp\/v2\/comments?post=1536"}],"version-history":[{"count":0,"href":"https:\/\/eigil.me\/blog\/wp-json\/wp\/v2\/posts\/1536\/revisions"}],"wp:attachment":[{"href":"https:\/\/eigil.me\/blog\/wp-json\/wp\/v2\/media?parent=1536"}],"wp:term":[{"taxonomy":"category","embeddable":true,"href":"https:\/\/eigil.me\/blog\/wp-json\/wp\/v2\/categories?post=1536"},{"taxonomy":"post_tag","embeddable":true,"href":"https:\/\/eigil.me\/blog\/wp-json\/wp\/v2\/tags?post=1536"}],"curies":[{"name":"wp","href":"https:\/\/api.w.org\/{rel}","templated":true}]}}