{"id":1806,"date":"2009-11-15T19:18:13","date_gmt":"2009-11-15T17:18:13","guid":{"rendered":"http:\/\/www.eimoe.com\/?p=1806"},"modified":"2009-11-15T19:18:13","modified_gmt":"2009-11-15T17:18:13","slug":"smerte","status":"publish","type":"post","link":"https:\/\/eigil.me\/blog\/trivialiteter\/smerte","title":{"rendered":"Smerte"},"content":{"rendered":"<h2>Her om dagen leste jeg at politikerne gjerne ville rive deler av Lier psykiatriske avdeling. Selv har jeg v\u00e6rt med p\u00e5 \u00e5 bryte meg inn i de gamle \u00e6rverdige bygningene p\u00e5 nattestid, for \u00e5 se p\u00e5 det som er igjen av et av Norgeshistoriens m\u00f8rkeste kapitler.<\/h2>\n<p><em>Unnskyld at jeg bryter inn. Det er klart for <strong>gjesteblogging<\/strong>. Denne gangen er det <strong>Kristoffer Reinsfelt Arnesen<\/strong> sin tur. Mannen dere kjenner godt fra NRKs Topp 20 og diverse NRK P3 programmer, er gjesteblogger her idag. Jeg og Kris har drukket flere 100, ja kanskje til og med flere 1000 \u00f8l sammen.<\/em><\/p>\n<h3>Et Norge i krig &#8211; 11. februar 2004<\/h3>\n<p>Selv om staten i dag tar avstand fra den praksis som ble ut\u00f8vet i psykiatriens barndom, og noen pasienter til og med har f\u00e5tt sin rettmessige erstatning, s\u00e5 sl\u00e5r det meg at jeg synes det er provoserende at disse historiene sakte men sikkert blir visket vekk fra v\u00e5r kollektive hukommelse.<\/p>\n<p>Jeg skulle \u00f8nske at vi kunne laget et museum som kunne fortelle oss om hvordan lobotomi og elektrosjokkbehandling faktisk foregikk. Hvordan \u201dlufteg\u00e5rdene\u201d i bakg\u00e5rden fungerte. Og hvorfor staten Norge trodde at det var til det beste for de innsatte og resten av samfunnet.<\/p>\n<p>De p\u00e5st\u00e5tte overgrepene i psykiatrien inspirerte meg til \u00e5 lage noen arbeidspr\u00f8ver til radioprogrammet \u201dEt Norge i krig\u201d p\u00e5 NRK P3. Her er en av de \u2013 til forlystelse for alle som bes\u00f8ker Eigils eminente blogg.<\/p>\n<p>Hilsener fra<br \/>\nKristoffer<\/p>\n<p><img loading=\"lazy\" decoding=\"async\" title=\"Lier psykiatriske avdeling\" src=\"https:\/\/eigil.me\/blog\/arkiv\/2009\/11\/lierpsych-650x433.jpg\" alt=\"Lier psykiatriske avdeling\" width=\"650\" height=\"433\" \/><\/p>\n<p><small>Forlatte steder &#8211; Se flere bilder p\u00e5: <a title=\"Forlatte steder\" rel=\"external\" href=\"https:\/\/tinyurl.com\/yhuba25\">uexplorer.wordpress.com<\/a><\/small><\/p>\n<h4>Smerte<\/h4>\n<p>Smerte.<br \/>\nJeg vet noe om smerte.<br \/>\nJeg ber\u00f8rer s\u00e5 vidt neglen din. Du kjenner det nesten ikke. Pirker i tuppen av fingeren din med sylen. Sm\u00e5 elektriske impulser farer via de skj\u00f8re nervetr\u00e5dene og helt opp til hjernen din. Selv om du knapt er i stand til \u00e5 se, kan du raskt dedusere deg frem til at det er en skarp og kald gjenstand. Sannsynligvis laget av et metall. N\u00e5r jeg s\u00e5 sakte f\u00f8rer sylen inn under neglen, reagerer kroppen din intuitivt med \u00e5 trekke h\u00e5nden tilbake. Jeg blir n\u00f8dt til \u00e5 stroppe den fast.<br \/>\nDu f\u00f8ler ubehag. Sm\u00e5 svetteperler pipler frem og ut av hudporene dine.<\/p>\n<p>Sakte og kontrollert dytter vi sylen inn under neglen og videre inn i neglkj\u00f8ttet. Jeg m\u00e5 virkelig ta i n\u00e5r vi n\u00e5 sklir inn under huden og n\u00e6rmer oss fingerens ytterste ledd. Og det er akkurat p\u00e5 dette tidspunktet du begynner \u00e5 uttrykke smerten ved hjelp av de skj\u00f8re stemmeb\u00e5ndene dine. Ynkelige sm\u00e5 st\u00f8nn. Du vrir deg i stolen min. Jeg blir n\u00f8dt til \u00e5 lukke d\u00f8ren og teipe hodet ditt fast. Frykten din sinker meg i arbeidet.<\/p>\n<p>Se der. N\u00e5 er det kun \u00f8ynene dine, og to oppspilte nesebor, som forskrekket trygler meg om \u00e5 stoppe fors\u00f8ket. Jeg hvisker at du m\u00e5 slappe av. Tenke p\u00e5 noe \u00f8mt og mykt. S\u00e5 tar jeg meg selv i \u00e5 nynne litt mens jeg henter den lille hammeren av gummi. I det du senker pusterytmen og lukker \u00f8ynene, hamrer jeg pr\u00f8vende p\u00e5 sylskaftet som stikker ut under neglen. Reaksjonen din sier noe om hvor raske refleksene i den fantastiske menneskekroppen kan v\u00e6re. Neglen knekker med en lyd som er overraskende lik kneppelyden mobiltelefonen min avgir n\u00e5r jeg f\u00e5r en tekstmelding. Ja jeg m\u00e5 humre litt for meg selv siden jeg sjekker mobilen for sikkerhets skyld.<\/p>\n<p>Det faktum at disse sm\u00e5 pusleslagene gir s\u00e5 stor effekt p\u00e5 deg morer meg, med tanke p\u00e5 at jeg n\u00e5 sakte skal \u00f8ke b\u00e5de tempo og intensitet. Jeg hvisker deg dette i \u00f8ret ditt.<br \/>\nN\u00e5 renner svetten. \u00d8ynene dine er t\u00f8rre og blodskutte. Jeg putter litt bomull i nesen din og ser at du f\u00e5r vansker med \u00e5 trekke pusten. Slike \u00f8yeblikk er det n\u00e6rmeste jeg kommer pur arbeidsglede. Blodet str\u00f8mmer ut av det som isted var en negl, f\u00f8lger sylskaftet og danner st\u00f8rre dr\u00e5per som treffer gulvet med en jevn rytme.<br \/>\nJeg hamrer. Og hamrer. Snart er det ikke mer igjen av sylen, og jeg sl\u00e5r alt jeg makter. Sylskaftet setter seg fast i fingerleddet ditt. Du bruker alt du har av krefter p\u00e5 \u00e5 komme deg ut av stroppene.<\/p>\n<p>Blodet str\u00f8mmer jevnt og danner en p\u00f8l p\u00e5 gulvet. S\u00e5 henter vi tangen. Og med den trekkes sylen sakte ut i takt med hylene dine. Utrolig hvor mye lyd du klarer \u00e5 lage til \u00e5 v\u00e6re s\u00e5pass \u201dtied up\u201d. S\u00e5 t\u00f8rker vi opp blodet og setter p\u00e5 bandasjen din igjen. Med en pinsett trekker vi bomullen ut av neseborene dine, og med et lite \u201dklikk\u201d l\u00f8snes stroppene rundt kroppen din. N\u00e5r jeg n\u00e5 ser takknemligheten i \u00f8ynene dine, tenker jeg at jobben som lege for multihandicappede barn jammen er noe for seg selv.<\/p>\n<p>Pleierne dine f\u00e5r beskjed om at du b\u00f8r komme til en ny kontrollsjekk om en ukes tid, slik at jeg kan sjekke om betennelsen i fingerleddene dine er p\u00e5 retur.<br \/>\nDa skal vi kikke n\u00e6rmere p\u00e5 \u00f8regangenes finesser. Nattinatt.<\/p>\n","protected":false},"excerpt":{"rendered":"<p>Her om dagen leste jeg at politikerne gjerne ville rive deler av Lier psykiatriske avdeling. Selv har jeg v\u00e6rt med p\u00e5 \u00e5 bryte meg inn i de gamle \u00e6rverdige bygningene p\u00e5 nattestid, for \u00e5 se p\u00e5 det som er igjen av et av Norgeshistoriens m\u00f8rkeste kapitler. Unnskyld at jeg bryter inn. Det er klart for gjesteblogging. Denne gangen er det Kristoffer Reinsfelt Arnesen sin tur. Mannen dere kjenner godt fra NRKs Topp 20 og diverse NRK P3 programmer, er gjesteblogger her idag. Jeg og Kris har drukket flere 100, ja kanskje til og med flere 1000 \u00f8l sammen. Et Norge i krig &#8211; 11. februar 2004 Selv om staten i dag tar avstand fra den praksis som ble ut\u00f8vet i psykiatriens barndom, og noen pasienter til og med har f\u00e5tt sin rettmessige erstatning, s\u00e5 sl\u00e5r det meg at jeg synes det er provoserende at disse historiene sakte men sikkert blir&hellip;<\/p>\n","protected":false},"author":1,"featured_media":0,"comment_status":"open","ping_status":"open","sticky":false,"template":"","format":"standard","meta":{"footnotes":""},"categories":[13],"tags":[57,78,83,101,108,126],"class_list":["post-1806","post","type-post","status-publish","format-standard","hentry","category-trivialiteter","tag-gjesteblogg","tag-kristoffer-reinsfelt-arnesen","tag-lier-psykiatriske-avdeling","tag-nrk","tag-p3","tag-smerte"],"aioseo_notices":[],"_links":{"self":[{"href":"https:\/\/eigil.me\/blog\/wp-json\/wp\/v2\/posts\/1806","targetHints":{"allow":["GET"]}}],"collection":[{"href":"https:\/\/eigil.me\/blog\/wp-json\/wp\/v2\/posts"}],"about":[{"href":"https:\/\/eigil.me\/blog\/wp-json\/wp\/v2\/types\/post"}],"author":[{"embeddable":true,"href":"https:\/\/eigil.me\/blog\/wp-json\/wp\/v2\/users\/1"}],"replies":[{"embeddable":true,"href":"https:\/\/eigil.me\/blog\/wp-json\/wp\/v2\/comments?post=1806"}],"version-history":[{"count":0,"href":"https:\/\/eigil.me\/blog\/wp-json\/wp\/v2\/posts\/1806\/revisions"}],"wp:attachment":[{"href":"https:\/\/eigil.me\/blog\/wp-json\/wp\/v2\/media?parent=1806"}],"wp:term":[{"taxonomy":"category","embeddable":true,"href":"https:\/\/eigil.me\/blog\/wp-json\/wp\/v2\/categories?post=1806"},{"taxonomy":"post_tag","embeddable":true,"href":"https:\/\/eigil.me\/blog\/wp-json\/wp\/v2\/tags?post=1806"}],"curies":[{"name":"wp","href":"https:\/\/api.w.org\/{rel}","templated":true}]}}