{"id":1917,"date":"2009-11-23T13:12:49","date_gmt":"2009-11-23T12:12:49","guid":{"rendered":"http:\/\/www.eimoe.com\/?p=1917"},"modified":"2009-11-23T13:12:49","modified_gmt":"2009-11-23T12:12:49","slug":"biodiesel","status":"publish","type":"post","link":"https:\/\/eigil.me\/blog\/politikk\/biodiesel","title":{"rendered":"Biodiesel &#8211; f\u00e5r jeg rett?"},"content":{"rendered":"<h2>Milj\u00f8bevegelsen og alle som bryr seg litt om milj\u00f8 i Norge sloss hardt for \u00e5 unng\u00e5 at det skal vedtas avgift p\u00e5 all biodiesel i Stortinget p\u00e5 torsdag. Nederlag er det for SV uansett hvilken retning det svinger.<\/h2>\n<p><strong><em>Merk: Det skal nevnes her, at jeg tok jo feil i denne saken. AP kj\u00f8rte gassen i b\u00e5nn..<\/em><\/strong><\/p>\n<p>Med inspirasjon fra folkene bak <a title=\"Vaksineaksjon\" rel=\"external\" href=\"https:\/\/vaksineaksjon.no\/\">Vaksineaksjonen<\/a>, tenkte jeg \u00e5 komme med konspirasjonsteorier rundt Biodiesel. Hvis vi ser bort fra at avgift er inntekt for staten, hvorfor \u00f8nsker Jens Stoltenberg egentlig avgift p\u00e5 Biodiesel?<\/p>\n<h3>Tenk deg dersom hvis<\/h3>\n<p>De fleste har vel f\u00e5tt med seg sakens kjerne og etter \u00e5 ha lest forskjellige artikler i aviser rundt omkring, er det noe som plutselig sl\u00e5r meg:<br \/>\nHva om Jens Stoltenberg og resten av Arbeiderpartiet p\u00e5 onsdag sier: <em>Greit, SV og SP, dere f\u00e5r det slik dere \u00f8nsker. Vi skal ikke r\u00f8re biodieselavgiften<\/em>.<\/p>\n<p>For en fantastisk tjeneste dette ville v\u00e6re! Tenk om SV fikk gjennomslag for denne saken allikevel? SV med s\u00e5 lav oppslutning klarte \u00e5 overtale Jens og AP. Det ville v\u00e6re flaut \u00e5 sp\u00f8rre om noe som helst mer, de neste \u00e5rene p\u00e5 Stortinget.<\/p>\n<p><img loading=\"lazy\" decoding=\"async\" class=\"alignnone size-full wp-image-1935\" title=\"biodiesel\" src=\"https:\/\/eigil.me\/blog\/arkiv\/2009\/11\/biodiesel.jpg\" alt=\"biodiesel\" width=\"650\" height=\"433\" srcset=\"https:\/\/eigil.me\/blog\/arkiv\/2009\/11\/biodiesel.jpg 650w, https:\/\/eigil.me\/blog\/arkiv\/2009\/11\/biodiesel-250x166.jpg 250w\" sizes=\"auto, (max-width: 650px) 100vw, 650px\" \/><\/p>\n<h4>Rett eller galt<\/h4>\n<p>Dersom jeg tar feil (noe jeg sikkert gj\u00f8r), er nok det meste rundt biodiesel glemt innen 14 dager. Har jeg rett, er det en seier for milj\u00f8et! <strong>Nederlag er det for SV uansett hvilken retning det svinger<\/strong>.<\/p>\n<p><strong>Les mer om biodiesel i VG:<\/strong><br \/>\n<a title=\"Biodiesel i VG\" rel=\"external\" href=\"https:\/\/www.vg.no\/nyheter\/utenriks\/klimatrusselen\/artikkel.php?artid=584802\">Milj\u00f8bevegelsen b\u00f8nnfaller Stoltenberg<\/a><br \/>\n<a title=\"Biodiesel i VG\" rel=\"external\" href=\"https:\/\/www.vg.no\/nyheter\/utenriks\/klimatrusselen\/artikkel.php?artid=584790\">Uniol stanser produksjon av biodiesel<\/a><br \/>\n<a title=\"Biodiesel i VG\" rel=\"external\" href=\"https:\/\/www.vg.no\/bil-og-motor\/artikkel.php?artid=584815\">For tidlig med biodiesel til biler<\/a><\/p>\n","protected":false},"excerpt":{"rendered":"<p>Milj\u00f8bevegelsen og alle som bryr seg litt om milj\u00f8 i Norge sloss hardt for \u00e5 unng\u00e5 at det skal vedtas avgift p\u00e5 all biodiesel i Stortinget p\u00e5 torsdag. Nederlag er det for SV uansett hvilken retning det svinger. Merk: Det skal nevnes her, at jeg tok jo feil i denne saken. AP kj\u00f8rte gassen i b\u00e5nn.. Med inspirasjon fra folkene bak Vaksineaksjonen, tenkte jeg \u00e5 komme med konspirasjonsteorier rundt Biodiesel. Hvis vi ser bort fra at avgift er inntekt for staten, hvorfor \u00f8nsker Jens Stoltenberg egentlig avgift p\u00e5 Biodiesel? Tenk deg dersom hvis De fleste har vel f\u00e5tt med seg sakens kjerne og etter \u00e5 ha lest forskjellige artikler i aviser rundt omkring, er det noe som plutselig sl\u00e5r meg: Hva om Jens Stoltenberg og resten av Arbeiderpartiet p\u00e5 onsdag sier: Greit, SV og SP, dere f\u00e5r det slik dere \u00f8nsker. Vi skal ikke r\u00f8re biodieselavgiften. For en fantastisk tjeneste&hellip;<\/p>\n","protected":false},"author":1,"featured_media":0,"comment_status":"open","ping_status":"open","sticky":false,"template":"","format":"standard","meta":{"footnotes":""},"categories":[10],"tags":[],"class_list":["post-1917","post","type-post","status-publish","format-standard","hentry","category-politikk"],"aioseo_notices":[],"_links":{"self":[{"href":"https:\/\/eigil.me\/blog\/wp-json\/wp\/v2\/posts\/1917","targetHints":{"allow":["GET"]}}],"collection":[{"href":"https:\/\/eigil.me\/blog\/wp-json\/wp\/v2\/posts"}],"about":[{"href":"https:\/\/eigil.me\/blog\/wp-json\/wp\/v2\/types\/post"}],"author":[{"embeddable":true,"href":"https:\/\/eigil.me\/blog\/wp-json\/wp\/v2\/users\/1"}],"replies":[{"embeddable":true,"href":"https:\/\/eigil.me\/blog\/wp-json\/wp\/v2\/comments?post=1917"}],"version-history":[{"count":0,"href":"https:\/\/eigil.me\/blog\/wp-json\/wp\/v2\/posts\/1917\/revisions"}],"wp:attachment":[{"href":"https:\/\/eigil.me\/blog\/wp-json\/wp\/v2\/media?parent=1917"}],"wp:term":[{"taxonomy":"category","embeddable":true,"href":"https:\/\/eigil.me\/blog\/wp-json\/wp\/v2\/categories?post=1917"},{"taxonomy":"post_tag","embeddable":true,"href":"https:\/\/eigil.me\/blog\/wp-json\/wp\/v2\/tags?post=1917"}],"curies":[{"name":"wp","href":"https:\/\/api.w.org\/{rel}","templated":true}]}}