{"id":210,"date":"2008-12-21T13:27:15","date_gmt":"2008-12-21T12:27:15","guid":{"rendered":"http:\/\/www.eimoe.com\/?p=210"},"modified":"2008-12-21T13:27:15","modified_gmt":"2008-12-21T12:27:15","slug":"skryteliste","status":"publish","type":"post","link":"https:\/\/eigil.me\/blog\/musikk\/skryteliste","title":{"rendered":"Skryteliste"},"content":{"rendered":"<h2>Lokalposten i Drammen har tidligere skrevet endel om mitt tidligere virke i bandet Dead Sheriff og annet.<\/h2>\n<p>Tenkte det var litt kult \u00e5 linke opp et par utvalg til noe av det som eksisterer der ute som har blitt skrevet opp gjennom \u00e5ra. Noe av dette fremst\u00e5r muligens i dag som litt sm\u00e5 pinlige intervjuer, men det f\u00e5r n\u00e5 v\u00e6re s\u00e5..<\/p>\n<p><img loading=\"lazy\" decoding=\"async\" class=\"alignright\" title=\"Eigil Moe - Dead Sheriff\" src=\"https:\/\/eigil.me\/blog\/arkiv\/2008\/12\/eigil_deadsheriff.jpg\" alt=\"Eigil Moe - Dead Sheriff\" width=\"300\" height=\"437\" \/><a title=\"Bare Eigils dr\u00f8m\" rel=\"external\" href=\"https:\/\/dt.no\/article\/20050430\/NYHET\/104300314\"><strong>Bare Eigils dr\u00f8m<\/strong><\/a><br \/>\n<small>Publisert: 30.04.05<\/small><br \/>\n4 siders portrettintervju i Drammens Tidende. Papirutgaven hadde endel fler bilder osv.<\/p>\n<p><a title=\"Sheriffene er d\u00f8de\" rel=\"external\" href=\"https:\/\/dt.no\/article\/20070615\/TEMA\/106150479\"><strong>Sheriffene er d\u00f8de<\/strong><\/a><br \/>\n<small>Publisert: 15.06.07<\/small><br \/>\nSiste intervju med Dead Sheriff i lokalposten.<\/p>\n<p><a title=\"Bredbente hjelpere\" rel=\"external\" href=\"https:\/\/dt.no\/article\/20051209\/TEMA\/112090331\"><strong>Bredbente hjelpere<\/strong><\/a> <small><br \/>\nPublisert: 09.12.05<\/small><br \/>\nVi samlet inn penger for Kirkens Bymisjon p\u00e5 torget i Drammen.<\/p>\n<p><a title=\"Alle vil spille p\u00e5 Union\" rel=\"external\" href=\"https:\/\/dt.no\/article\/20050428\/KULTUR4\/104290339\"><strong>Alle vil spille p\u00e5 Union<\/strong><\/a> <small><br \/>\nPublisert: 28.04.05<\/small><br \/>\nI forkant av Working Class Hero Festival 2005.<\/p>\n<p><a title=\"Drammen Rock City - igjen\" rel=\"external\" href=\"https:\/\/www.nrk.no\/nyheter\/distrikt\/ostafjells\/1.256446\"><strong>Drammen Rock City &#8211; igjen<\/strong><\/a> <small><br \/>\nPublisert 18.02.05<\/small><br \/>\nIntervju av NRK i forbindelse med musikklivet i Drammen.<\/p>\n<p><a title=\"Rock i r\u00f8ysa\" rel=\"external\" href=\"https:\/\/dt.no\/article\/20030423\/NYKULTUR\/104230183\"><strong>Rock i r\u00f8ysa<\/strong><\/a><small><br \/>\nPublisert: 23.04.03<\/small><br \/>\nJeg og Thomas Melbye blir intervjuet i forbindelse med Working Class Hero Festival 2003.<\/p>\n","protected":false},"excerpt":{"rendered":"<p>Lokalposten i Drammen har tidligere skrevet endel om mitt tidligere virke i bandet Dead Sheriff og annet. Tenkte det var litt kult \u00e5 linke opp et par utvalg til noe av det som eksisterer der ute som har blitt skrevet opp gjennom \u00e5ra. Noe av dette fremst\u00e5r muligens i dag som litt sm\u00e5 pinlige intervjuer, men det f\u00e5r n\u00e5 v\u00e6re s\u00e5.. Bare Eigils dr\u00f8m Publisert: 30.04.05 4 siders portrettintervju i Drammens Tidende. Papirutgaven hadde endel fler bilder osv. Sheriffene er d\u00f8de Publisert: 15.06.07 Siste intervju med Dead Sheriff i lokalposten. Bredbente hjelpere Publisert: 09.12.05 Vi samlet inn penger for Kirkens Bymisjon p\u00e5 torget i Drammen. Alle vil spille p\u00e5 Union Publisert: 28.04.05 I forkant av Working Class Hero Festival 2005. Drammen Rock City &#8211; igjen Publisert 18.02.05 Intervju av NRK i forbindelse med musikklivet i Drammen. Rock i r\u00f8ysa Publisert: 23.04.03 Jeg og Thomas Melbye blir intervjuet i forbindelse med&hellip;<\/p>\n","protected":false},"author":1,"featured_media":0,"comment_status":"open","ping_status":"open","sticky":false,"template":"","format":"standard","meta":{"footnotes":""},"categories":[8],"tags":[37,45,89,175],"class_list":["post-210","post","type-post","status-publish","format-standard","hentry","category-musikk","tag-dead-sheriff","tag-eigil-moe","tag-media","tag-musikk"],"aioseo_notices":[],"_links":{"self":[{"href":"https:\/\/eigil.me\/blog\/wp-json\/wp\/v2\/posts\/210","targetHints":{"allow":["GET"]}}],"collection":[{"href":"https:\/\/eigil.me\/blog\/wp-json\/wp\/v2\/posts"}],"about":[{"href":"https:\/\/eigil.me\/blog\/wp-json\/wp\/v2\/types\/post"}],"author":[{"embeddable":true,"href":"https:\/\/eigil.me\/blog\/wp-json\/wp\/v2\/users\/1"}],"replies":[{"embeddable":true,"href":"https:\/\/eigil.me\/blog\/wp-json\/wp\/v2\/comments?post=210"}],"version-history":[{"count":0,"href":"https:\/\/eigil.me\/blog\/wp-json\/wp\/v2\/posts\/210\/revisions"}],"wp:attachment":[{"href":"https:\/\/eigil.me\/blog\/wp-json\/wp\/v2\/media?parent=210"}],"wp:term":[{"taxonomy":"category","embeddable":true,"href":"https:\/\/eigil.me\/blog\/wp-json\/wp\/v2\/categories?post=210"},{"taxonomy":"post_tag","embeddable":true,"href":"https:\/\/eigil.me\/blog\/wp-json\/wp\/v2\/tags?post=210"}],"curies":[{"name":"wp","href":"https:\/\/api.w.org\/{rel}","templated":true}]}}