{"id":254,"date":"2009-01-16T15:55:43","date_gmt":"2009-01-16T14:55:43","guid":{"rendered":"http:\/\/www.eimoe.com\/?p=254"},"modified":"2009-01-16T15:55:43","modified_gmt":"2009-01-16T14:55:43","slug":"min-nye-macbook-pro","status":"publish","type":"post","link":"https:\/\/eigil.me\/blog\/informasjonsteknologi\/min-nye-macbook-pro","title":{"rendered":"Min nye macbook pro"},"content":{"rendered":"<h2>For tre m\u00e5neder siden, skaffet jeg meg en macbook pro 17&#8243;. Jeg har ikke angret et sekund p\u00e5 at det ble dette, istedet for en ny PC.<\/h2>\n<p><img loading=\"lazy\" decoding=\"async\" class=\"alignnone size-full wp-image-261\" title=\"Macbook Pro 17&quot; Late 2008\" src=\"https:\/\/eigil.me\/blog\/arkiv\/2009\/01\/macbook-pro.jpg\" alt=\"Macbook Pro 17&quot; Late 2008\" width=\"650\" height=\"310\" srcset=\"https:\/\/eigil.me\/blog\/arkiv\/2009\/01\/macbook-pro.jpg 650w, https:\/\/eigil.me\/blog\/arkiv\/2009\/01\/macbook-pro-250x119.jpg 250w\" sizes=\"auto, (max-width: 650px) 100vw, 650px\" \/><\/p>\n<p>I  min gamle jobb, hadde jeg en Dell Latitude 15.4&#8243;. Denne var stappet med det som da var topp spesifikasjoner, og over en lenger periode, var jeg forn\u00f8yd med denne.<\/p>\n<h3>Bl\u00e5skjerm<\/h3>\n<p>Det som var litt kjedelig, var at det hele tiden var noe som skjedde liksom. Jeg hadde Windows Vista Business og opplevde stadig at maskinen plutselig ble treg, eller endte opp med bl\u00e5skjerm. Jeg sjekket drivere, men det s\u00e5 ut til \u00e5 v\u00e6re korrekt. Jeg re-installerte Windows, men etterhvert dukket problemene opp igjen. Det var vel bare slik det skulle v\u00e6re?<\/p>\n<h4>Macbook Pro 17&#8243; late 2008 modell<\/h4>\n<p>N\u00e5r jeg s\u00e5 skulle anskaffe meg ny maskin, var det egentlig ingen tvil. Jeg hadde liten kjennskap til Mac,\u00a0 men p\u00e5 pris, var den egentlig ikke veldig dyrere enn hva en Dell med stort sett samme spesifikasjoner koster. Jeg har ikke angret ett sekund!<\/p>\n<p>Jeg har sjelden, om ikke aldri problemer. Ting bare fungerer bedre p\u00e5 en Mac med OS X fremfor en PC med Vista. Det skal mye til for at jeg skal g\u00e5 tilbake noen gang (Once you go mac, you\u00b4ll never go back)..<\/p>\n","protected":false},"excerpt":{"rendered":"<p>For tre m\u00e5neder siden, skaffet jeg meg en macbook pro 17&#8243;. Jeg har ikke angret et sekund p\u00e5 at det ble dette, istedet for en ny PC. I min gamle jobb, hadde jeg en Dell Latitude 15.4&#8243;. Denne var stappet med det som da var topp spesifikasjoner, og over en lenger periode, var jeg forn\u00f8yd med denne. Bl\u00e5skjerm Det som var litt kjedelig, var at det hele tiden var noe som skjedde liksom. Jeg hadde Windows Vista Business og opplevde stadig at maskinen plutselig ble treg, eller endte opp med bl\u00e5skjerm. Jeg sjekket drivere, men det s\u00e5 ut til \u00e5 v\u00e6re korrekt. Jeg re-installerte Windows, men etterhvert dukket problemene opp igjen. Det var vel bare slik det skulle v\u00e6re? Macbook Pro 17&#8243; late 2008 modell N\u00e5r jeg s\u00e5 skulle anskaffe meg ny maskin, var det egentlig ingen tvil. Jeg hadde liten kjennskap til Mac,\u00a0 men p\u00e5 pris, var den egentlig&hellip;<\/p>\n","protected":false},"author":1,"featured_media":0,"comment_status":"open","ping_status":"open","sticky":false,"template":"","format":"standard","meta":{"footnotes":""},"categories":[7],"tags":[18,87,107,109,152],"class_list":["post-254","post","type-post","status-publish","format-standard","hentry","category-informasjonsteknologi","tag-apple","tag-mac","tag-osx","tag-pc","tag-vista"],"aioseo_notices":[],"_links":{"self":[{"href":"https:\/\/eigil.me\/blog\/wp-json\/wp\/v2\/posts\/254","targetHints":{"allow":["GET"]}}],"collection":[{"href":"https:\/\/eigil.me\/blog\/wp-json\/wp\/v2\/posts"}],"about":[{"href":"https:\/\/eigil.me\/blog\/wp-json\/wp\/v2\/types\/post"}],"author":[{"embeddable":true,"href":"https:\/\/eigil.me\/blog\/wp-json\/wp\/v2\/users\/1"}],"replies":[{"embeddable":true,"href":"https:\/\/eigil.me\/blog\/wp-json\/wp\/v2\/comments?post=254"}],"version-history":[{"count":0,"href":"https:\/\/eigil.me\/blog\/wp-json\/wp\/v2\/posts\/254\/revisions"}],"wp:attachment":[{"href":"https:\/\/eigil.me\/blog\/wp-json\/wp\/v2\/media?parent=254"}],"wp:term":[{"taxonomy":"category","embeddable":true,"href":"https:\/\/eigil.me\/blog\/wp-json\/wp\/v2\/categories?post=254"},{"taxonomy":"post_tag","embeddable":true,"href":"https:\/\/eigil.me\/blog\/wp-json\/wp\/v2\/tags?post=254"}],"curies":[{"name":"wp","href":"https:\/\/api.w.org\/{rel}","templated":true}]}}