{"id":2744,"date":"2010-04-15T15:28:01","date_gmt":"2010-04-15T14:28:01","guid":{"rendered":"http:\/\/www.eimoe.com\/?p=2744"},"modified":"2010-04-15T15:28:01","modified_gmt":"2010-04-15T14:28:01","slug":"nedre-eiker-by","status":"publish","type":"post","link":"https:\/\/eigil.me\/blog\/personlig\/nedre-eiker-by","title":{"rendered":"Nedre Eiker by"},"content":{"rendered":"<h2>I g\u00e5r debuterte jeg som spaltist i Drammens Tidende.<\/h2>\n<p>Artikkelen handler i korte trekk om Mj\u00f8ndalen og Nedre Eiker. Mj\u00f8ndalen, sammen med de andre tettstedene i Nedre Eiker, hadde en dr\u00f8m om \u00e5 s\u00f8ke om bystatus. <strong>Nedre Eiker by<\/strong>. N\u00e5 ser det ut til, at saken vil bli skrinlagt, etter innflytelse av en gruppe p\u00e5 Facebook, som p\u00e5 &laquo;demokratisk&raquo; vis, har satt i gang en <a title=\"Drammens Tidende\" href=\"https:\/\/dt.no\/nyheter\/bye-forlot-bykameratene-1.5173410\" rel=\"external\">snuoperasjon innad i Arbeiderpartiet<\/a>.<\/p>\n<p>Forh\u00e5pentligvis, kommer artikkelen min p\u00e5 nett ogs\u00e5 etterhvert. Men her kommer ihvertfall et par utdrag:<\/p>\n<p>&laquo;Solen skinner og \u00f8len smaker like godt her som i Drammen p\u00e5 en fin sommerdag. Det er to timer til kampstart hvor Mj\u00f8ndalen m\u00f8ter fotballklubben Bod\u00f8\/Glimt. To trubadurer med kassegitar i hj\u00f8rnet, skaper bra liv p\u00e5 puben. 3050-gjengen synger med og inn kommer stadig nye fjes. Folk i vanlig dress og folk i joggedress sitter ved samme bord. Alt er greit her.&raquo;<\/p>\n<p>&laquo;Det er et kvarter til kampen starter. Vi hiver i oss \u00f8len og g\u00e5r nedover Arbeidergata igjen. Det er ikke som Nedre Storgate i Drammen dette her. Ikke sammenlignbart engang. Jeg konkluderer med, at Mj\u00f8ndalen verken er, eller burde bli en by. Mj\u00f8ndalen er en bygd eller et tettsted og det er det som er s\u00e5 trivelig. Det er fint med et par timer p\u00e5 bygda n\u00e5 og da.&raquo;<\/p>\n<p>Tilbakemeldingene som spaltistdebutant har v\u00e6rt bra!<\/p>\n<p>Tok noen bilder fra seansen:<\/p>\n<p><small>Trykk for st\u00f8rre bilder<\/small><\/p>\n<p><a class=\"thickbox\" title=\"Nedre Eiker by\" href=\"https:\/\/eigil.me\/blog\/arkiv\/2010\/04\/ne00.jpg\"><img loading=\"lazy\" decoding=\"async\" title=\"Nedre Eiker by\" src=\"https:\/\/eigil.me\/blog\/arkiv\/2010\/04\/ne00-650x433.jpg\" alt=\"Nedre Eiker by\" width=\"650\" height=\"433\" \/><\/a><\/p>\n<p><a class=\"thickbox\" title=\"Nedre Eiker by\" href=\"https:\/\/eigil.me\/blog\/arkiv\/2010\/04\/ne01.jpg\"><img loading=\"lazy\" decoding=\"async\" class=\"alignleft\" title=\"Nedre Eiker by\" src=\"https:\/\/eigil.me\/blog\/arkiv\/2010\/04\/ne01-130x130.jpg\" alt=\"Nedre Eiker by\" width=\"130\" height=\"130\" \/><\/a><a class=\"thickbox\" title=\"Nedre Eiker by\" href=\"https:\/\/eigil.me\/blog\/arkiv\/2010\/04\/ne02.jpg\"><img loading=\"lazy\" decoding=\"async\" class=\"alignleft\" title=\"Nedre Eiker by\" src=\"https:\/\/eigil.me\/blog\/arkiv\/2010\/04\/ne02-130x130.jpg\" alt=\"Nedre Eiker by\" width=\"130\" height=\"130\" \/><\/a><a class=\"thickbox\" title=\"Nedre Eiker by\" href=\"https:\/\/eigil.me\/blog\/arkiv\/2010\/04\/ne03.jpg\"><img loading=\"lazy\" decoding=\"async\" class=\"alignleft\" title=\"Nedre Eiker by\" src=\"https:\/\/eigil.me\/blog\/arkiv\/2010\/04\/ne03-130x130.jpg\" alt=\"Nedre Eiker by\" width=\"130\" height=\"130\" \/><\/a><a class=\"thickbox\" title=\"Nedre Eiker by\" href=\"https:\/\/eigil.me\/blog\/arkiv\/2010\/04\/ne04.jpg\"><img loading=\"lazy\" decoding=\"async\" class=\"alignleft\" title=\"Nedre Eiker by\" src=\"https:\/\/eigil.me\/blog\/arkiv\/2010\/04\/ne04-130x130.jpg\" alt=\"Nedre Eiker by\" width=\"130\" height=\"130\" \/><\/a><a class=\"thickbox\" title=\"Nedre Eiker by\" href=\"https:\/\/eigil.me\/blog\/arkiv\/2010\/04\/ne05.jpg\"><img loading=\"lazy\" decoding=\"async\" class=\"alignleft\" title=\"Nedre Eiker by\" src=\"https:\/\/eigil.me\/blog\/arkiv\/2010\/04\/ne05-130x130.jpg\" alt=\"Nedre Eiker by\" width=\"130\" height=\"130\" \/><\/a><a class=\"thickbox\" title=\"Nedre Eiker by\" href=\"https:\/\/eigil.me\/blog\/arkiv\/2010\/04\/ne06.jpg\"><img loading=\"lazy\" decoding=\"async\" class=\"alignleft\" title=\"Nedre Eiker by\" src=\"https:\/\/eigil.me\/blog\/arkiv\/2010\/04\/ne06-130x130.jpg\" alt=\"Nedre Eiker by\" width=\"130\" height=\"130\" \/><\/a><a class=\"thickbox\" title=\"Nedre Eiker by\" href=\"https:\/\/eigil.me\/blog\/arkiv\/2010\/04\/ne07.jpg\"><img loading=\"lazy\" decoding=\"async\" class=\"alignleft\" title=\"Nedre Eiker by\" src=\"https:\/\/eigil.me\/blog\/arkiv\/2010\/04\/ne07-130x130.jpg\" alt=\"Nedre Eiker by\" width=\"130\" height=\"130\" \/><\/a><a class=\"thickbox\" title=\"Nedre Eiker by\" href=\"https:\/\/eigil.me\/blog\/arkiv\/2010\/04\/ne08.jpg\"><img loading=\"lazy\" decoding=\"async\" class=\"alignleft\" title=\"Nedre Eiker by\" src=\"https:\/\/eigil.me\/blog\/arkiv\/2010\/04\/ne08-130x130.jpg\" alt=\"Nedre Eiker by\" width=\"130\" height=\"130\" \/><\/a><\/p>\n<p><a class=\"thickbox\" title=\"Nedre Eiker by\" href=\"https:\/\/eigil.me\/blog\/arkiv\/2010\/04\/ne09.jpg\"><img loading=\"lazy\" decoding=\"async\" title=\"Nedre Eiker by\" src=\"https:\/\/eigil.me\/blog\/arkiv\/2010\/04\/ne09-650x433.jpg\" alt=\"Nedre Eiker by\" width=\"650\" height=\"433\" \/><\/a><\/p>\n<p><a class=\"thickbox\" title=\"Nedre Eiker by\" href=\"https:\/\/eigil.me\/blog\/arkiv\/2010\/04\/ne11.jpg\"><img loading=\"lazy\" decoding=\"async\" title=\"Nedre Eiker by\" src=\"https:\/\/eigil.me\/blog\/arkiv\/2010\/04\/ne11-650x433.jpg\" alt=\"Nedre Eiker by\" width=\"650\" height=\"433\" \/><\/a><\/p>\n<p><a class=\"thickbox\" title=\"Nedre Eiker by\" href=\"https:\/\/eigil.me\/blog\/arkiv\/2010\/04\/ne10.jpg\"><img loading=\"lazy\" decoding=\"async\" class=\"alignleft\" title=\"Nedre Eiker by\" src=\"https:\/\/eigil.me\/blog\/arkiv\/2010\/04\/ne10-130x130.jpg\" alt=\"Nedre Eiker by\" width=\"130\" height=\"130\" \/><\/a><a class=\"thickbox\" title=\"Nedre Eiker by\" href=\"https:\/\/eigil.me\/blog\/arkiv\/2010\/04\/ne12.jpg\"><img loading=\"lazy\" decoding=\"async\" class=\"alignleft\" title=\"Nedre Eiker by\" src=\"https:\/\/eigil.me\/blog\/arkiv\/2010\/04\/ne12-130x130.jpg\" alt=\"Nedre Eiker by\" width=\"130\" height=\"130\" \/><\/a><a class=\"thickbox\" title=\"Nedre Eiker by\" href=\"https:\/\/eigil.me\/blog\/arkiv\/2010\/04\/ne13.jpg\"><img loading=\"lazy\" decoding=\"async\" class=\"alignleft\" title=\"Nedre Eiker by\" src=\"https:\/\/eigil.me\/blog\/arkiv\/2010\/04\/ne13-130x130.jpg\" alt=\"Nedre Eiker by\" width=\"130\" height=\"130\" \/><\/a><a class=\"thickbox\" title=\"Nedre Eiker by\" href=\"https:\/\/eigil.me\/blog\/arkiv\/2010\/04\/ne14.jpg\"><img loading=\"lazy\" decoding=\"async\" class=\"alignleft\" title=\"Nedre Eiker by\" src=\"https:\/\/eigil.me\/blog\/arkiv\/2010\/04\/ne14-130x130.jpg\" alt=\"Nedre Eiker by\" width=\"130\" height=\"130\" \/><\/a><\/p>\n","protected":false},"excerpt":{"rendered":"<p>I g\u00e5r debuterte jeg som spaltist i Drammens Tidende. Artikkelen handler i korte trekk om Mj\u00f8ndalen og Nedre Eiker. Mj\u00f8ndalen, sammen med de andre tettstedene i Nedre Eiker, hadde en dr\u00f8m om \u00e5 s\u00f8ke om bystatus. Nedre Eiker by. N\u00e5 ser det ut til, at saken vil bli skrinlagt, etter innflytelse av en gruppe p\u00e5 Facebook, som p\u00e5 &laquo;demokratisk&raquo; vis, har satt i gang en snuoperasjon innad i Arbeiderpartiet. Forh\u00e5pentligvis, kommer artikkelen min p\u00e5 nett ogs\u00e5 etterhvert. Men her kommer ihvertfall et par utdrag: &laquo;Solen skinner og \u00f8len smaker like godt her som i Drammen p\u00e5 en fin sommerdag. Det er to timer til kampstart hvor Mj\u00f8ndalen m\u00f8ter fotballklubben Bod\u00f8\/Glimt. To trubadurer med kassegitar i hj\u00f8rnet, skaper bra liv p\u00e5 puben. 3050-gjengen synger med og inn kommer stadig nye fjes. Folk i vanlig dress og folk i joggedress sitter ved samme bord. Alt er greit her.&raquo; &laquo;Det er et kvarter&hellip;<\/p>\n","protected":false},"author":1,"featured_media":0,"comment_status":"open","ping_status":"open","sticky":false,"template":"","format":"standard","meta":{"footnotes":""},"categories":[9],"tags":[38,39,42,92,97],"class_list":["post-2744","post","type-post","status-publish","format-standard","hentry","category-personlig","tag-drammen","tag-drammens-tidende","tag-dt-no","tag-mjndalen","tag-nedre-eiker-by"],"aioseo_notices":[],"_links":{"self":[{"href":"https:\/\/eigil.me\/blog\/wp-json\/wp\/v2\/posts\/2744","targetHints":{"allow":["GET"]}}],"collection":[{"href":"https:\/\/eigil.me\/blog\/wp-json\/wp\/v2\/posts"}],"about":[{"href":"https:\/\/eigil.me\/blog\/wp-json\/wp\/v2\/types\/post"}],"author":[{"embeddable":true,"href":"https:\/\/eigil.me\/blog\/wp-json\/wp\/v2\/users\/1"}],"replies":[{"embeddable":true,"href":"https:\/\/eigil.me\/blog\/wp-json\/wp\/v2\/comments?post=2744"}],"version-history":[{"count":0,"href":"https:\/\/eigil.me\/blog\/wp-json\/wp\/v2\/posts\/2744\/revisions"}],"wp:attachment":[{"href":"https:\/\/eigil.me\/blog\/wp-json\/wp\/v2\/media?parent=2744"}],"wp:term":[{"taxonomy":"category","embeddable":true,"href":"https:\/\/eigil.me\/blog\/wp-json\/wp\/v2\/categories?post=2744"},{"taxonomy":"post_tag","embeddable":true,"href":"https:\/\/eigil.me\/blog\/wp-json\/wp\/v2\/tags?post=2744"}],"curies":[{"name":"wp","href":"https:\/\/api.w.org\/{rel}","templated":true}]}}