{"id":2934,"date":"2010-05-19T19:48:50","date_gmt":"2010-05-19T17:48:50","guid":{"rendered":"http:\/\/www.eimoe.com\/?p=2934"},"modified":"2010-05-19T19:48:50","modified_gmt":"2010-05-19T17:48:50","slug":"wch","status":"publish","type":"post","link":"https:\/\/eigil.me\/blog\/musikk\/wch","title":{"rendered":"Working Class Hero-festivalen"},"content":{"rendered":"<h2>Rocka Kultur i Drammen siden 1999.<\/h2>\n<p>Man kan virkelig kjenne at sommeren begynner \u00e5 etablere seg om dagen. Det setter jeg pris p\u00e5. Mange forbinder sommer med musikkfestivaler og derfor tenkte jeg skulle drive litt reklame for en skikkelig flott festival i Drammen, nemlig <a title=\"Working Class Hero-festivalen\" rel=\"external\" href=\"https:\/\/www.wch.no\">Working Class Hero-festivalen<\/a>.<\/p>\n<p>Jeg skrev nylig et innlegg om denne og litt om det \u00e5 v\u00e6re p\u00e5 festival i &laquo;gamle dager&raquo; i Drammens Tidende. Innlegget kan ogs\u00e5 leses p\u00e5 nett og det er publisert i <a title=\" God festivalsommer! av Eigil Moe\" rel=\"external\" href=\"https:\/\/blog.dt.no\/drammen\/blog\/2010\/05\/18\/105\/\">DT Drammen bloggen<\/a>.<\/p>\n<p>Working Class Hero-festivalen arrangeres 4. og 5. juni p\u00e5 <a title=\"Union Scene\" rel=\"external\" href=\"https:\/\/www.unionscene.no\">Union Scene<\/a> i Drammen. Vi sees.<\/p>\n<p><img loading=\"lazy\" decoding=\"async\" title=\"Working Class Hero-festivalen\" src=\"https:\/\/eigil.me\/blog\/arkiv\/2010\/05\/wch.jpg\" alt=\"\" width=\"650\" height=\"650\" \/><\/p>\n<h3>Program for 2010<\/h3>\n<p>I skrivende stund, er jeg usikker p\u00e5 om det komplette programmet er <em>spikret<\/em>, men dette blir ihvertfall artistene s\u00e5 langt:<\/p>\n<p><strong>FREDAG 4. JUNI<\/strong><br \/>\nSkambankt<br \/>\nValkyrien Allstars<br \/>\nJohn Olav Nilsen<br \/>\nDead Sheriff<br \/>\nKr\u00e5kes\u00f8lv<br \/>\nGreen Cortinas<br \/>\nMhoo<br \/>\nSplashgirl<\/p>\n<p><strong>L\u00d8RDAG 5. JUNI<\/strong><br \/>\nVeronica Maggio (s)<br \/>\nNavigators<br \/>\nHGH<br \/>\nThe Death Letters (Nl)<br \/>\ndiskJokke med band<br \/>\nProviant Audio<br \/>\nDu<\/p>\n<p>I tillegg til at du f\u00e5r se mange flotte artister, byr festivalen p\u00e5 generelt god stemning ogs\u00e5!<\/p>\n","protected":false},"excerpt":{"rendered":"<p>Rocka Kultur i Drammen siden 1999. Man kan virkelig kjenne at sommeren begynner \u00e5 etablere seg om dagen. Det setter jeg pris p\u00e5. Mange forbinder sommer med musikkfestivaler og derfor tenkte jeg skulle drive litt reklame for en skikkelig flott festival i Drammen, nemlig Working Class Hero-festivalen. Jeg skrev nylig et innlegg om denne og litt om det \u00e5 v\u00e6re p\u00e5 festival i &laquo;gamle dager&raquo; i Drammens Tidende. Innlegget kan ogs\u00e5 leses p\u00e5 nett og det er publisert i DT Drammen bloggen. Working Class Hero-festivalen arrangeres 4. og 5. juni p\u00e5 Union Scene i Drammen. Vi sees. Program for 2010 I skrivende stund, er jeg usikker p\u00e5 om det komplette programmet er spikret, men dette blir ihvertfall artistene s\u00e5 langt: FREDAG 4. JUNI Skambankt Valkyrien Allstars John Olav Nilsen Dead Sheriff Kr\u00e5kes\u00f8lv Green Cortinas Mhoo Splashgirl L\u00d8RDAG 5. JUNI Veronica Maggio (s) Navigators HGH The Death Letters (Nl) diskJokke med&hellip;<\/p>\n","protected":false},"author":1,"featured_media":0,"comment_status":"open","ping_status":"open","sticky":false,"template":"","format":"standard","meta":{"footnotes":""},"categories":[8],"tags":[38,80,175,156],"class_list":["post-2934","post","type-post","status-publish","format-standard","hentry","category-musikk","tag-drammen","tag-kultur","tag-musikk","tag-working-class-hero-festivalen"],"aioseo_notices":[],"_links":{"self":[{"href":"https:\/\/eigil.me\/blog\/wp-json\/wp\/v2\/posts\/2934","targetHints":{"allow":["GET"]}}],"collection":[{"href":"https:\/\/eigil.me\/blog\/wp-json\/wp\/v2\/posts"}],"about":[{"href":"https:\/\/eigil.me\/blog\/wp-json\/wp\/v2\/types\/post"}],"author":[{"embeddable":true,"href":"https:\/\/eigil.me\/blog\/wp-json\/wp\/v2\/users\/1"}],"replies":[{"embeddable":true,"href":"https:\/\/eigil.me\/blog\/wp-json\/wp\/v2\/comments?post=2934"}],"version-history":[{"count":0,"href":"https:\/\/eigil.me\/blog\/wp-json\/wp\/v2\/posts\/2934\/revisions"}],"wp:attachment":[{"href":"https:\/\/eigil.me\/blog\/wp-json\/wp\/v2\/media?parent=2934"}],"wp:term":[{"taxonomy":"category","embeddable":true,"href":"https:\/\/eigil.me\/blog\/wp-json\/wp\/v2\/categories?post=2934"},{"taxonomy":"post_tag","embeddable":true,"href":"https:\/\/eigil.me\/blog\/wp-json\/wp\/v2\/tags?post=2934"}],"curies":[{"name":"wp","href":"https:\/\/api.w.org\/{rel}","templated":true}]}}