{"id":3011,"date":"2010-06-11T10:16:18","date_gmt":"2010-06-11T08:16:18","guid":{"rendered":"http:\/\/www.eimoe.com\/?p=3011"},"modified":"2010-06-11T10:16:18","modified_gmt":"2010-06-11T08:16:18","slug":"for-en-avslutning","status":"publish","type":"post","link":"https:\/\/eigil.me\/blog\/musikk\/for-en-avslutning","title":{"rendered":"For en avslutning!"},"content":{"rendered":"<h2>Hver fjerde onsdag, har jeg fast spalte i Drammens Tidenes DT Drammen avis.<\/h2>\n<p>Spalten som jeg skriver, blir ogs\u00e5 publisert p\u00e5 nett p\u00e5 <a title=\"DT-Drammen bloggen\" href=\"https:\/\/blog.dt.no\/drammen\/\" rel=\"external\">DT-Drammen bloggen<\/a>.<\/p>\n<p><a title=\"For en avslutning!\" href=\"https:\/\/blog.dt.no\/drammen\/blog\/2010\/06\/09\/for-en-avslutning\/\" rel=\"external\">Denne onsdagen<\/a>, skrev jeg om en litt spesiell konsertopplevelse. Jeg fikk mye bra tilbakemelding p\u00e5 m\u00e5ten jeg skrev og presenterte dette p\u00e5. S\u00e5 jeg kan anbefale deg \u00e5 ta turen til bloggen \u00e5 lese <a title=\"For en avslutning!\" href=\"https:\/\/blog.dt.no\/drammen\/blog\/2010\/06\/09\/for-en-avslutning\/\" rel=\"external\">min artikkel, For en avslutning!<\/a> God forn\u00f8yelse.<\/p>\n<p><img loading=\"lazy\" decoding=\"async\" title=\"Eigil Moe og Dead Sheriff\" src=\"https:\/\/eigil.me\/blog\/arkiv\/2010\/06\/ds-650x487.jpg\" alt=\"\" width=\"650\" height=\"487\" \/><\/p>\n","protected":false},"excerpt":{"rendered":"<p>Hver fjerde onsdag, har jeg fast spalte i Drammens Tidenes DT Drammen avis. Spalten som jeg skriver, blir ogs\u00e5 publisert p\u00e5 nett p\u00e5 DT-Drammen bloggen. Denne onsdagen, skrev jeg om en litt spesiell konsertopplevelse. Jeg fikk mye bra tilbakemelding p\u00e5 m\u00e5ten jeg skrev og presenterte dette p\u00e5. S\u00e5 jeg kan anbefale deg \u00e5 ta turen til bloggen \u00e5 lese min artikkel, For en avslutning! God forn\u00f8yelse.<\/p>\n","protected":false},"author":1,"featured_media":0,"comment_status":"open","ping_status":"open","sticky":false,"template":"","format":"standard","meta":{"footnotes":""},"categories":[8],"tags":[30,37,38,39,42,45],"class_list":["post-3011","post","type-post","status-publish","format-standard","hentry","category-musikk","tag-blogging","tag-dead-sheriff","tag-drammen","tag-drammens-tidende","tag-dt-no","tag-eigil-moe"],"aioseo_notices":[],"_links":{"self":[{"href":"https:\/\/eigil.me\/blog\/wp-json\/wp\/v2\/posts\/3011","targetHints":{"allow":["GET"]}}],"collection":[{"href":"https:\/\/eigil.me\/blog\/wp-json\/wp\/v2\/posts"}],"about":[{"href":"https:\/\/eigil.me\/blog\/wp-json\/wp\/v2\/types\/post"}],"author":[{"embeddable":true,"href":"https:\/\/eigil.me\/blog\/wp-json\/wp\/v2\/users\/1"}],"replies":[{"embeddable":true,"href":"https:\/\/eigil.me\/blog\/wp-json\/wp\/v2\/comments?post=3011"}],"version-history":[{"count":0,"href":"https:\/\/eigil.me\/blog\/wp-json\/wp\/v2\/posts\/3011\/revisions"}],"wp:attachment":[{"href":"https:\/\/eigil.me\/blog\/wp-json\/wp\/v2\/media?parent=3011"}],"wp:term":[{"taxonomy":"category","embeddable":true,"href":"https:\/\/eigil.me\/blog\/wp-json\/wp\/v2\/categories?post=3011"},{"taxonomy":"post_tag","embeddable":true,"href":"https:\/\/eigil.me\/blog\/wp-json\/wp\/v2\/tags?post=3011"}],"curies":[{"name":"wp","href":"https:\/\/api.w.org\/{rel}","templated":true}]}}