{"id":3619,"date":"2012-03-12T13:12:20","date_gmt":"2012-03-12T12:12:20","guid":{"rendered":"http:\/\/eigil.me\/?p=3619"},"modified":"2012-03-12T13:16:08","modified_gmt":"2012-03-12T12:16:08","slug":"ny-leilighet-i-drammen","status":"publish","type":"post","link":"https:\/\/eigil.me\/blog\/personlig\/ny-leilighet-i-drammen","title":{"rendered":"Ny leilighet i Drammen?"},"content":{"rendered":"<h2>Siden den gangen jeg flyttet &laquo;hjemmefra&raquo; for f\u00f8rste gang, har jeg bodd sju steder. Lengst av alt, i Tollbugata!<\/h2>\n<p>Sp\u00f8r du meg, er Tollbugata perfekt. Derfor har jeg bodd her i mange \u00e5r. Jeg bodde her f\u00f8rst et par \u00e5r, f\u00f8r jeg flyttet til Oslo. Da jeg flyttet tilbake til Drammen, flyttet jeg dit hvor jeg bor n\u00e5, ogs\u00e5 i Tollbugata. N\u00e5 skal leiligheten selges, og hvor skal jeg flytte? Jo, til en annen leilighet i Tollbugata.<\/p>\n<p><strong>Ta en titt p\u00e5 <a title=\"Str\u00f8ms\u00f8 sentrum - 2-roms andelsleil. m\/balkong - kun minutters gange til sentrum og jernbane.\" href=\"https:\/\/www.finn.no\/finn\/realestate\/homes\/object?finnkode=33529729\" rel=\"external\">leiligheten p\u00e5 finn.no<\/a><\/strong><\/p>\n<p>Str\u00f8ms\u00f8 er den bydelen i Drammen, som har hatt de st\u00f8rste endringene. N\u00e5r folk utenbys, snakker om at <em>Drammen har blitt s\u00e5 fin<\/em>, er det jo utbyggingen av Str\u00f8ms\u00f8 de snakker om. Ferdig snakka!<\/p>\n<p>Kunne du tenke deg 50 kvm. midt i hjertet av Drammen til en overkommelig pris?<br \/>\nSelv jobber jeg i Oslo og jeg bruker kun fire minutter fra jeg g\u00e5r ut av d\u00f8ra, til jeg st\u00e5r p\u00e5 perrongen p\u00e5 jernbanestasjonen. Toget tar s\u00e5 34 minutter inn til sentrum av Oslo. <\/p>\n<p>Fra leiligheten, er det kort vei til det meste i Drammen. Til Union Scene, H\u00f8yskolen, torget i Drammen, puber, utesteder, butikker, innvandrersjapper og mye mer. Alt kun et steinkast unna.<\/p>\n<h3>Noen bilder av leiligheten<\/h3>\n<p><img loading=\"lazy\" decoding=\"async\" title=\"Soverom\" src=\"https:\/\/eigil.me\/blog\/arkiv\/2012\/03\/soverom-1.jpg\" alt=\"\" width=\"650\" height=\"433\" \/><\/p>\n<p><img loading=\"lazy\" decoding=\"async\" title=\"Stue\" src=\"https:\/\/eigil.me\/blog\/arkiv\/2012\/03\/stue-2.jpg\" alt=\"\" width=\"650\" height=\"433\" \/><\/p>\n<p><img loading=\"lazy\" decoding=\"async\" title=\"Stue\" src=\"https:\/\/eigil.me\/blog\/arkiv\/2012\/03\/stue-3.jpg\" alt=\"\" width=\"650\" height=\"433\" \/><\/p>\n<p><img loading=\"lazy\" decoding=\"async\" title=\"Stue\" src=\"https:\/\/eigil.me\/blog\/arkiv\/2012\/03\/stue-1.jpg\" alt=\"\" width=\"650\" height=\"433\" \/><\/p>\n<p><img loading=\"lazy\" decoding=\"async\" title=\"Kj\u00f8kken og balkong\" src=\"https:\/\/eigil.me\/blog\/arkiv\/2012\/03\/kjokken-balkong.jpg\" alt=\"\" width=\"650\" height=\"487\" \/><\/p>\n<p><img loading=\"lazy\" decoding=\"async\" title=\"Kj\u00f8kken\" src=\"https:\/\/eigil.me\/blog\/arkiv\/2012\/03\/kjokken-1.jpg\" alt=\"\" width=\"650\" height=\"433\" \/><\/p>\n<p><img loading=\"lazy\" decoding=\"async\" title=\"Bad og stue\" src=\"https:\/\/eigil.me\/blog\/arkiv\/2012\/03\/bad-stue.jpg\" alt=\"\" width=\"650\" height=\"488\" \/><\/p>\n<h4>Fakta<\/h4>\n<p><strong>2-roms leilighet med en liten balkong.<\/strong><\/p>\n<p>Prisantydning: 1 430 000,-<br \/>\nFellesgjeld: 45 255,-<br \/>\nTotalpris: 1 475 255,-<br \/>\nPrim\u00e6rrom: 50m\u00b2<br \/>\nBoligtype: Leilighet<br \/>\nEierform: Andel<br \/>\nRom: 2<br \/>\nSoverom: 1<br \/>\nFellesformue: 29 132,-<br \/>\nFelleskost. mnd: 3 063,-<\/p>\n<p>Mer informasjon, f\u00e5r du p\u00e5 <a title=\"Str\u00f8ms\u00f8 sentrum - 2-roms andelsleil. m\/balkong - kun minutters gange til sentrum og jernbane.\" href=\"https:\/\/www.finn.no\/finn\/realestate\/homes\/object?finnkode=33529729\" rel=\"external\">finn.no<\/a><\/p>\n<p>Ellers kan jeg fortelle, at det vil v\u00e6re visning <strong>tirsdag 13. mars klokka 18:00<\/strong>.<\/p>\n<p>Har du har noen sp\u00f8rsm\u00e5l, kan du gjerne legge igjen en kommentar her.<\/p>\n","protected":false},"excerpt":{"rendered":"<p>Siden den gangen jeg flyttet &laquo;hjemmefra&raquo; for f\u00f8rste gang, har jeg bodd sju steder. Lengst av alt, i Tollbugata! Sp\u00f8r du meg, er Tollbugata perfekt. Derfor har jeg bodd her i mange \u00e5r. Jeg bodde her f\u00f8rst et par \u00e5r, f\u00f8r jeg flyttet til Oslo. Da jeg flyttet tilbake til Drammen, flyttet jeg dit hvor jeg bor n\u00e5, ogs\u00e5 i Tollbugata. N\u00e5 skal leiligheten selges, og hvor skal jeg flytte? Jo, til en annen leilighet i Tollbugata. Ta en titt p\u00e5 leiligheten p\u00e5 finn.no Str\u00f8ms\u00f8 er den bydelen i Drammen, som har hatt de st\u00f8rste endringene. N\u00e5r folk utenbys, snakker om at Drammen har blitt s\u00e5 fin, er det jo utbyggingen av Str\u00f8ms\u00f8 de snakker om. Ferdig snakka! Kunne du tenke deg 50 kvm. midt i hjertet av Drammen til en overkommelig pris? Selv jobber jeg i Oslo og jeg bruker kun fire minutter fra jeg g\u00e5r ut av d\u00f8ra,&hellip;<\/p>\n","protected":false},"author":1,"featured_media":0,"comment_status":"open","ping_status":"open","sticky":false,"template":"","format":"standard","meta":{"footnotes":""},"categories":[9],"tags":[38,45,174,162],"class_list":["post-3619","post","type-post","status-publish","format-standard","hentry","category-personlig","tag-drammen","tag-eigil-moe","tag-foto","tag-leilighet"],"aioseo_notices":[],"_links":{"self":[{"href":"https:\/\/eigil.me\/blog\/wp-json\/wp\/v2\/posts\/3619","targetHints":{"allow":["GET"]}}],"collection":[{"href":"https:\/\/eigil.me\/blog\/wp-json\/wp\/v2\/posts"}],"about":[{"href":"https:\/\/eigil.me\/blog\/wp-json\/wp\/v2\/types\/post"}],"author":[{"embeddable":true,"href":"https:\/\/eigil.me\/blog\/wp-json\/wp\/v2\/users\/1"}],"replies":[{"embeddable":true,"href":"https:\/\/eigil.me\/blog\/wp-json\/wp\/v2\/comments?post=3619"}],"version-history":[{"count":29,"href":"https:\/\/eigil.me\/blog\/wp-json\/wp\/v2\/posts\/3619\/revisions"}],"predecessor-version":[{"id":3688,"href":"https:\/\/eigil.me\/blog\/wp-json\/wp\/v2\/posts\/3619\/revisions\/3688"}],"wp:attachment":[{"href":"https:\/\/eigil.me\/blog\/wp-json\/wp\/v2\/media?parent=3619"}],"wp:term":[{"taxonomy":"category","embeddable":true,"href":"https:\/\/eigil.me\/blog\/wp-json\/wp\/v2\/categories?post=3619"},{"taxonomy":"post_tag","embeddable":true,"href":"https:\/\/eigil.me\/blog\/wp-json\/wp\/v2\/tags?post=3619"}],"curies":[{"name":"wp","href":"https:\/\/api.w.org\/{rel}","templated":true}]}}