{"id":711,"date":"2009-03-03T19:03:33","date_gmt":"2009-03-03T18:03:33","guid":{"rendered":"http:\/\/www.eimoe.com\/?p=711"},"modified":"2009-03-03T19:03:33","modified_gmt":"2009-03-03T18:03:33","slug":"en-takk-til-telenor","status":"publish","type":"post","link":"https:\/\/eigil.me\/blog\/informasjonsteknologi\/en-takk-til-telenor","title":{"rendered":"En takk til Telenor!"},"content":{"rendered":"<h2>Telenor avviser krav fra IFPI (Norsk filmbyr\u00e5forening og Norsk Videogramforening).<\/h2>\n<p><img loading=\"lazy\" decoding=\"async\" class=\"alignright size-full wp-image-719\" title=\"Telenor\" src=\"https:\/\/eigil.me\/blog\/arkiv\/2009\/03\/telenor.gif\" alt=\"Telenor\" width=\"180\" height=\"229\" \/>For dr\u00f8ye to uker siden, kom IFPI med et krav til <a title=\"Telenor\" rel=\"external\" href=\"https:\/\/www.telenor.no\">Telenor<\/a>, som Norges st\u00f8rste nettleverand\u00f8r, om at de skulle<a title=\"Din Side\" rel=\"external\" href=\"https:\/\/www.dinside.no\/804800\/ber-telenor-stenge-tilgang-til-piratebay\"> blokkere tilgangen<\/a> til <a title=\"The Pirate Bay\" rel=\"external\" href=\"https:\/\/www.thepiratebay.org\">The Pirate Bay<\/a>. Positiv svarfrist satt til 14 dager, eller rettssak.<\/p>\n<p>I dag kom svaret og Telenor kommer <a title=\"Digi\" rel=\"external\" href=\"https:\/\/www.digi.no\/806377\/telenor-avviser-ifpi-krav\">ikke til \u00e5 f\u00f8ye seg<\/a> etter IFPI sine krav. Telenor mener det ikke er juridisk grunnlag for \u00e5 stenge torrent-siden.<\/p>\n<h3>Sensur av Internett<\/h3>\n<p>S\u00e5 lenge det ikke finnes lovp\u00e5lagte regler, b\u00f8r ikke egne interresseorganisasjoners agendaer kunne bestemme hva du og jeg surfer p\u00e5. Derfor er dette en viktig beslutning av Telenor, som staterer hva Internett egentlig er og at man ikke kan sperre noe ute bare fordi noen ikke liker innholdet.<\/p>\n<h4>IFPI vet egentlig ikke hvordan torrent-teknologien fungerer.<\/h4>\n<p>Dette kom ganske klart frem, under den <a title=\"Torrent Freak\" rel=\"external\" href=\"https:\/\/torrentfreak.com\/the-pirate-bay-trial-day-8-090225\/\">8. dagen av rettsaken<\/a> mot The Pirate Bay. CEO i IFPI, John Kennedy m\u00e5tte under avh\u00f8ret til slutt tilst\u00e5 at han egentlig ikke visste verken hva torrent var, hvordan det fungerte, eller hva slags type program folk brukte for \u00e5 laste opp eller ned disse filene.<\/p>\n","protected":false},"excerpt":{"rendered":"<p>Telenor avviser krav fra IFPI (Norsk filmbyr\u00e5forening og Norsk Videogramforening). For dr\u00f8ye to uker siden, kom IFPI med et krav til Telenor, som Norges st\u00f8rste nettleverand\u00f8r, om at de skulle blokkere tilgangen til The Pirate Bay. Positiv svarfrist satt til 14 dager, eller rettssak. I dag kom svaret og Telenor kommer ikke til \u00e5 f\u00f8ye seg etter IFPI sine krav. Telenor mener det ikke er juridisk grunnlag for \u00e5 stenge torrent-siden. Sensur av Internett S\u00e5 lenge det ikke finnes lovp\u00e5lagte regler, b\u00f8r ikke egne interresseorganisasjoners agendaer kunne bestemme hva du og jeg surfer p\u00e5. Derfor er dette en viktig beslutning av Telenor, som staterer hva Internett egentlig er og at man ikke kan sperre noe ute bare fordi noen ikke liker innholdet. IFPI vet egentlig ikke hvordan torrent-teknologien fungerer. Dette kom ganske klart frem, under den 8. dagen av rettsaken mot The Pirate Bay. CEO i IFPI, John Kennedy m\u00e5tte&hellip;<\/p>\n","protected":false},"author":1,"featured_media":0,"comment_status":"open","ping_status":"open","sticky":false,"template":"","format":"standard","meta":{"footnotes":""},"categories":[7],"tags":[53,68,138,139],"class_list":["post-711","post","type-post","status-publish","format-standard","hentry","category-informasjonsteknologi","tag-fildeling","tag-ifpi","tag-telenor","tag-the-pirate-bay"],"aioseo_notices":[],"_links":{"self":[{"href":"https:\/\/eigil.me\/blog\/wp-json\/wp\/v2\/posts\/711","targetHints":{"allow":["GET"]}}],"collection":[{"href":"https:\/\/eigil.me\/blog\/wp-json\/wp\/v2\/posts"}],"about":[{"href":"https:\/\/eigil.me\/blog\/wp-json\/wp\/v2\/types\/post"}],"author":[{"embeddable":true,"href":"https:\/\/eigil.me\/blog\/wp-json\/wp\/v2\/users\/1"}],"replies":[{"embeddable":true,"href":"https:\/\/eigil.me\/blog\/wp-json\/wp\/v2\/comments?post=711"}],"version-history":[{"count":0,"href":"https:\/\/eigil.me\/blog\/wp-json\/wp\/v2\/posts\/711\/revisions"}],"wp:attachment":[{"href":"https:\/\/eigil.me\/blog\/wp-json\/wp\/v2\/media?parent=711"}],"wp:term":[{"taxonomy":"category","embeddable":true,"href":"https:\/\/eigil.me\/blog\/wp-json\/wp\/v2\/categories?post=711"},{"taxonomy":"post_tag","embeddable":true,"href":"https:\/\/eigil.me\/blog\/wp-json\/wp\/v2\/tags?post=711"}],"curies":[{"name":"wp","href":"https:\/\/api.w.org\/{rel}","templated":true}]}}