{"id":741,"date":"2009-03-18T01:21:51","date_gmt":"2009-03-18T00:21:51","guid":{"rendered":"http:\/\/www.eimoe.com\/?p=741"},"modified":"2009-03-18T01:21:51","modified_gmt":"2009-03-18T00:21:51","slug":"drammen-oslo","status":"publish","type":"post","link":"https:\/\/eigil.me\/blog\/personlig\/drammen-oslo","title":{"rendered":"Drammen &#8211; Oslo"},"content":{"rendered":"<h2>Fikk et sp\u00f8rsm\u00e5l av en kompis som lurte p\u00e5 om det var mye styr \u00e5 pendle med tog mellom Drammen og Oslo hver dag.<\/h2>\n<p>Jeg tror ikke det er s\u00e5 ille som folk skal ha det til. Greit, s\u00e5 hender det at togene er innstilt eller forsinket. Str\u00f8mstans, togstans eller str\u00f8mledning som faller ned. Ja, vi pendlere har opplevd det meste.<\/p>\n<h3>Ettermiddagene verst<\/h3>\n<p>Om morgenene g\u00e5r det meste ganske bra. Jeg har pekt meg ut et par alternativer, som fungerer ypperlig og er ganske s\u00e5 punktlige. N\u00e5r jeg skal hjem, er det ofte verre. Vognene er som regel fulle allerede fra Oslo S og p\u00e5 perrongen p\u00e5 Nationaltheatret, er det folksomt. Da er alt akkurat det samme som i denne filmen her:<\/p>\n<p>[https:\/\/www.youtube.com\/watch?v=mKOEQVgONh0] <\/p>\n","protected":false},"excerpt":{"rendered":"<p>Fikk et sp\u00f8rsm\u00e5l av en kompis som lurte p\u00e5 om det var mye styr \u00e5 pendle med tog mellom Drammen og Oslo hver dag. Jeg tror ikke det er s\u00e5 ille som folk skal ha det til. Greit, s\u00e5 hender det at togene er innstilt eller forsinket. Str\u00f8mstans, togstans eller str\u00f8mledning som faller ned. Ja, vi pendlere har opplevd det meste. Ettermiddagene verst Om morgenene g\u00e5r det meste ganske bra. Jeg har pekt meg ut et par alternativer, som fungerer ypperlig og er ganske s\u00e5 punktlige. N\u00e5r jeg skal hjem, er det ofte verre. Vognene er som regel fulle allerede fra Oslo S og p\u00e5 perrongen p\u00e5 Nationaltheatret, er det folksomt. Da er alt akkurat det samme som i denne filmen her: [https:\/\/www.youtube.com\/watch?v=mKOEQVgONh0]<\/p>\n","protected":false},"author":1,"featured_media":0,"comment_status":"open","ping_status":"open","sticky":false,"template":"","format":"standard","meta":{"footnotes":""},"categories":[9],"tags":[102,110],"class_list":["post-741","post","type-post","status-publish","format-standard","hentry","category-personlig","tag-nsb","tag-pendle"],"aioseo_notices":[],"_links":{"self":[{"href":"https:\/\/eigil.me\/blog\/wp-json\/wp\/v2\/posts\/741","targetHints":{"allow":["GET"]}}],"collection":[{"href":"https:\/\/eigil.me\/blog\/wp-json\/wp\/v2\/posts"}],"about":[{"href":"https:\/\/eigil.me\/blog\/wp-json\/wp\/v2\/types\/post"}],"author":[{"embeddable":true,"href":"https:\/\/eigil.me\/blog\/wp-json\/wp\/v2\/users\/1"}],"replies":[{"embeddable":true,"href":"https:\/\/eigil.me\/blog\/wp-json\/wp\/v2\/comments?post=741"}],"version-history":[{"count":0,"href":"https:\/\/eigil.me\/blog\/wp-json\/wp\/v2\/posts\/741\/revisions"}],"wp:attachment":[{"href":"https:\/\/eigil.me\/blog\/wp-json\/wp\/v2\/media?parent=741"}],"wp:term":[{"taxonomy":"category","embeddable":true,"href":"https:\/\/eigil.me\/blog\/wp-json\/wp\/v2\/categories?post=741"},{"taxonomy":"post_tag","embeddable":true,"href":"https:\/\/eigil.me\/blog\/wp-json\/wp\/v2\/tags?post=741"}],"curies":[{"name":"wp","href":"https:\/\/api.w.org\/{rel}","templated":true}]}}